{"id":302195,"date":"2021-06-19T08:53:59","date_gmt":"2021-06-19T11:53:59","guid":{"rendered":"https:\/\/notinor.com\/jujuy\/?p=302195"},"modified":"2021-06-19T10:57:27","modified_gmt":"2021-06-19T13:57:27","slug":"sanguezo-marciano-raul","status":"publish","type":"post","link":"https:\/\/notinor.com\/jujuy\/sanguezo-marciano-raul\/","title":{"rendered":"SANGUEZO, Marciano Ra\u00fal"},"content":{"rendered":"\n<p><strong>Falleci\u00f3 el d\u00eda 18 de junio de 2021, a hs. 07:00. C.A.S. R. y B.P., a la edad de 60 a\u00f1os. Su esposa: Mar\u00eda Elsa P\u00e9rez de Sanguezo; sus hijos: Silvia Patricia, Cesar Ezequiel y Nicol\u00e1s; su hija pol\u00edtica: Tamara; su nieta: Mar\u00eda Constanza; sus hermanos: Ram\u00f3n, Nilda, Alberto y Federico Sanguezo; sus hermanos pol\u00edticos; sus sobrinos y dem\u00e1s familiares participan con profundo dolor su fallecimiento y comunican que sus restos ser\u00e1n inhumados hoy 19 de Junio en el cementerio parque El Jard\u00edn del Castillo Jujuy. FAE. Ritual de homenaje empresa La Piedad SA. Salta 727. Tel. 0388-4222487. L\u00ednea gratuita 0800-444-5274.<\/strong><\/p>\n","protected":false},"excerpt":{"rendered":"<p>Falleci\u00f3 el d\u00eda 18 de junio de 2021, a hs. 07:00. C.A.S. R. y B.P., a la edad de 60 a\u00f1os. Su esposa: Mar\u00eda Elsa P\u00e9rez de Sanguezo; sus hijos: Silvia Patricia, Cesar Ezequiel y Nicol\u00e1s; su hija pol\u00edtica: Tamara; su nieta: Mar\u00eda Constanza; sus hermanos: Ram\u00f3n, Nilda, Alberto y Federico Sanguezo; sus hermanos pol\u00edticos; [&hellip;]<\/p>\n","protected":false},"author":5,"featured_media":129725,"comment_status":"open","ping_status":"open","sticky":false,"template":"","format":"standard","meta":{"_stopmodifiedupdate":false,"_modified_date":"","inline_featured_image":false,"spay_email":"","jetpack_publicize_message":""},"categories":[523],"tags":[],"jetpack_featured_media_url":"https:\/\/notinor.com\/jujuy\/wp-content\/uploads\/2017\/08\/Obituarios2.jpg","jetpack_publicize_connections":[],"_links":{"self":[{"href":"https:\/\/notinor.com\/jujuy\/wp-json\/wp\/v2\/posts\/302195"}],"collection":[{"href":"https:\/\/notinor.com\/jujuy\/wp-json\/wp\/v2\/posts"}],"about":[{"href":"https:\/\/notinor.com\/jujuy\/wp-json\/wp\/v2\/types\/post"}],"author":[{"embeddable":true,"href":"https:\/\/notinor.com\/jujuy\/wp-json\/wp\/v2\/users\/5"}],"replies":[{"embeddable":true,"href":"https:\/\/notinor.com\/jujuy\/wp-json\/wp\/v2\/comments?post=302195"}],"version-history":[{"count":1,"href":"https:\/\/notinor.com\/jujuy\/wp-json\/wp\/v2\/posts\/302195\/revisions"}],"predecessor-version":[{"id":302196,"href":"https:\/\/notinor.com\/jujuy\/wp-json\/wp\/v2\/posts\/302195\/revisions\/302196"}],"wp:featuredmedia":[{"embeddable":true,"href":"https:\/\/notinor.com\/jujuy\/wp-json\/wp\/v2\/media\/129725"}],"wp:attachment":[{"href":"https:\/\/notinor.com\/jujuy\/wp-json\/wp\/v2\/media?parent=302195"}],"wp:term":[{"taxonomy":"category","embeddable":true,"href":"https:\/\/notinor.com\/jujuy\/wp-json\/wp\/v2\/categories?post=302195"},{"taxonomy":"post_tag","embeddable":true,"href":"https:\/\/notinor.com\/jujuy\/wp-json\/wp\/v2\/tags?post=302195"}],"curies":[{"name":"wp","href":"https:\/\/api.w.org\/{rel}","templated":true}]}}