{"id":302193,"date":"2021-06-19T08:50:54","date_gmt":"2021-06-19T11:50:54","guid":{"rendered":"https:\/\/notinor.com\/jujuy\/?p=302193"},"modified":"2021-06-20T10:37:08","modified_gmt":"2021-06-20T13:37:08","slug":"mercado-claudia-marcela","status":"publish","type":"post","link":"https:\/\/notinor.com\/jujuy\/mercado-claudia-marcela\/","title":{"rendered":"MERCADO, Claudia Marcela"},"content":{"rendered":"\n<p><strong>Falleci\u00f3 el d\u00eda 17 de junio de 2021, a hs. 18:45. C.A.S.R. y B.P., a la edad de 55 a\u00f1os. Sus hijos: Jimena, Paola, Facundo y Agustina; su hijo pol\u00edtico: Omar; sus nietos: Isaac, Luli, Benjam\u00edn, Francisco y Milo; sus hermanos: Mirian y Alfredo; su hermana pol\u00edtica: Mabel; sus sobrinos: Andrea, Gast\u00f3n, Fernanda, Daiana, Federico y dem\u00e1s familiares participan con profundo dolor su fallecimiento y comunican que sus restos ser\u00e1n inhumados hoy 19 de junio en el cementerio parque El Jard\u00edn del Castillo Jujuy. FAE. Ritual de homenaje empresa La Piedad SA. Salta 727. Tel. 0388-4222487. L\u00ednea gratuita 0800-444-5274.<\/strong><\/p>\n","protected":false},"excerpt":{"rendered":"<p>Falleci\u00f3 el d\u00eda 17 de junio de 2021, a hs. 18:45. C.A.S.R. y B.P., a la edad de 55 a\u00f1os. Sus hijos: Jimena, Paola, Facundo y Agustina; su hijo pol\u00edtico: Omar; sus nietos: Isaac, Luli, Benjam\u00edn, Francisco y Milo; sus hermanos: Mirian y Alfredo; su hermana pol\u00edtica: Mabel; sus sobrinos: Andrea, Gast\u00f3n, Fernanda, Daiana, Federico [&hellip;]<\/p>\n","protected":false},"author":5,"featured_media":129725,"comment_status":"open","ping_status":"open","sticky":false,"template":"","format":"standard","meta":{"_stopmodifiedupdate":false,"_modified_date":"","inline_featured_image":false,"spay_email":"","jetpack_publicize_message":""},"categories":[523],"tags":[],"jetpack_featured_media_url":"https:\/\/notinor.com\/jujuy\/wp-content\/uploads\/2017\/08\/Obituarios2.jpg","jetpack_publicize_connections":[],"_links":{"self":[{"href":"https:\/\/notinor.com\/jujuy\/wp-json\/wp\/v2\/posts\/302193"}],"collection":[{"href":"https:\/\/notinor.com\/jujuy\/wp-json\/wp\/v2\/posts"}],"about":[{"href":"https:\/\/notinor.com\/jujuy\/wp-json\/wp\/v2\/types\/post"}],"author":[{"embeddable":true,"href":"https:\/\/notinor.com\/jujuy\/wp-json\/wp\/v2\/users\/5"}],"replies":[{"embeddable":true,"href":"https:\/\/notinor.com\/jujuy\/wp-json\/wp\/v2\/comments?post=302193"}],"version-history":[{"count":1,"href":"https:\/\/notinor.com\/jujuy\/wp-json\/wp\/v2\/posts\/302193\/revisions"}],"predecessor-version":[{"id":302194,"href":"https:\/\/notinor.com\/jujuy\/wp-json\/wp\/v2\/posts\/302193\/revisions\/302194"}],"wp:featuredmedia":[{"embeddable":true,"href":"https:\/\/notinor.com\/jujuy\/wp-json\/wp\/v2\/media\/129725"}],"wp:attachment":[{"href":"https:\/\/notinor.com\/jujuy\/wp-json\/wp\/v2\/media?parent=302193"}],"wp:term":[{"taxonomy":"category","embeddable":true,"href":"https:\/\/notinor.com\/jujuy\/wp-json\/wp\/v2\/categories?post=302193"},{"taxonomy":"post_tag","embeddable":true,"href":"https:\/\/notinor.com\/jujuy\/wp-json\/wp\/v2\/tags?post=302193"}],"curies":[{"name":"wp","href":"https:\/\/api.w.org\/{rel}","templated":true}]}}