{"id":302165,"date":"2021-06-18T14:47:53","date_gmt":"2021-06-18T17:47:53","guid":{"rendered":"https:\/\/notinor.com\/jujuy\/?p=302165"},"modified":"2021-06-18T14:47:57","modified_gmt":"2021-06-18T17:47:57","slug":"esta-noche-habra-un-nuevo-informe-del-coe","status":"publish","type":"post","link":"https:\/\/notinor.com\/jujuy\/esta-noche-habra-un-nuevo-informe-del-coe\/","title":{"rendered":"Esta noche habr\u00e1 un nuevo informe del COE"},"content":{"rendered":"\n<p>La transmisi\u00f3n iniciar\u00e1 a las 20:30, las autoridades detallar\u00e1n la situaci\u00f3n sanitaria de la provincia.<\/p>\n\n\n\n<figure class=\"wp-block-image size-large\"><img decoding=\"async\" loading=\"lazy\" width=\"840\" height=\"473\" src=\"https:\/\/notinor.com\/jujuy\/wp-content\/uploads\/2021\/04\/COE-NUEVO-2021-840x473.jpg\" alt=\"\" class=\"wp-image-294186\" srcset=\"https:\/\/notinor.com\/jujuy\/wp-content\/uploads\/2021\/04\/COE-NUEVO-2021-840x473.jpg 840w, https:\/\/notinor.com\/jujuy\/wp-content\/uploads\/2021\/04\/COE-NUEVO-2021-649x365.jpg 649w, https:\/\/notinor.com\/jujuy\/wp-content\/uploads\/2021\/04\/COE-NUEVO-2021-768x432.jpg 768w, https:\/\/notinor.com\/jujuy\/wp-content\/uploads\/2021\/04\/COE-NUEVO-2021-750x422.jpg 750w, https:\/\/notinor.com\/jujuy\/wp-content\/uploads\/2021\/04\/COE-NUEVO-2021-1140x641.jpg 1140w, https:\/\/notinor.com\/jujuy\/wp-content\/uploads\/2021\/04\/COE-NUEVO-2021.jpg 1440w\" sizes=\"(max-width: 840px) 100vw, 840px\" \/><\/figure>\n\n\n\n<p>Esta noche a partir de las 20:30 horas, el Comit\u00e9 Operativo de Emergencia (COE) volver\u00e1 a emitir su informe detallando la situaci\u00f3n sanitaria de la provincia.<\/p>\n\n\n\n<p>Jujuy entr\u00f3 en una meseta de contagios m\u00e1s elevada que tiene como piso un promedio de 250 casos diarios, asimismo la letalidad es otro factor que preocupa a las autoridades puesto que la provincia promedio 4 decesos por d\u00eda desde hace m\u00e1s de una semana.<\/p>\n\n\n\n<p>La jornada de ayer el COE inform\u00f3 239 nuevos contagios y otras 4 v\u00edctimas fatales en Jujuy, lo que elev\u00f3 las cifras de enfermos hasta 32.621, y los fallecidos a 1.167 personas.<\/p>\n\n\n\n<p><strong><em>El reporte del jueves completo: <a href=\"https:\/\/notinor.com\/jujuy\/confirmaron-4-muertes-por-coronavirus-y-239-nuevos-contagios-en-jujuy\/\">Confirmaron 4 muertes por coronavirus y 239 nuevos contagios en Jujuy<\/a><\/em><\/strong><\/p>\n\n\n\n<p>La ciudad m\u00e1s afectada contin\u00faa siendo San Salvador de Jujuy, aunque tambi\u00e9n preocupa la situaci\u00f3n sanitaria en Palpal\u00e1, San Pedro y Perico. Asimismo, La Quiaca mostr\u00f3 un importante rebrote de casos a ra\u00edz de un incidente que involucra al Escuadr\u00f3n N\u00b021 de Gendarmer\u00eda y que ya le cost\u00f3 la vida a 2 oficiales.<\/p>\n\n\n\n<p>Si bien no se prev\u00e9 la aplicaci\u00f3n de nuevas medidas restrictivas, habr\u00e1 que esperar el an\u00e1lisis realizado por los referentes de COE. Esta noche informar\u00e1n las novedades al pueblo juje\u00f1o.<\/p>\n\n\n\n<p><strong><em>Seguir leyendo:<\/em><\/strong><\/p>\n\n\n\n<p><strong><em><a href=\"https:\/\/notinor.com\/jujuy\/paso-a-paso-asi-sera-el-protocolo-sanitario-para-los-votantes-en-estas-elecciones-legislativas\/\">Paso a paso: as\u00ed ser\u00e1 el protocolo sanitario para los votantes en estas elecciones legislativas<\/a><\/em><\/strong><\/p>\n\n\n\n<p><strong><em><a href=\"https:\/\/notinor.com\/jujuy\/ivan-poncio-veo-a-gerardo-morales-como-presidente-le-sobra-fortaleza-y-capacidad-para-lograrlo\/\">Iv\u00e1n Poncio: \u00abVeo a Gerardo Morales como Presidente, le sobra fortaleza y capacidad para lograrlo\u00bb<\/a><\/em><\/strong><\/p>\n","protected":false},"excerpt":{"rendered":"<p>La transmisi\u00f3n iniciar\u00e1 a las 20:30, las autoridades detallar\u00e1n la situaci\u00f3n sanitaria de la provincia. Esta noche a partir de las 20:30 horas, el Comit\u00e9 Operativo de Emergencia (COE) volver\u00e1 a emitir su informe detallando la situaci\u00f3n sanitaria de la provincia. Jujuy entr\u00f3 en una meseta de contagios m\u00e1s elevada que tiene como piso un [&hellip;]<\/p>\n","protected":false},"author":1,"featured_media":294186,"comment_status":"open","ping_status":"open","sticky":false,"template":"","format":"standard","meta":{"_stopmodifiedupdate":false,"_modified_date":"","inline_featured_image":false,"spay_email":"","jetpack_publicize_message":""},"categories":[2],"tags":[],"jetpack_featured_media_url":"https:\/\/notinor.com\/jujuy\/wp-content\/uploads\/2021\/04\/COE-NUEVO-2021.jpg","jetpack_publicize_connections":[],"_links":{"self":[{"href":"https:\/\/notinor.com\/jujuy\/wp-json\/wp\/v2\/posts\/302165"}],"collection":[{"href":"https:\/\/notinor.com\/jujuy\/wp-json\/wp\/v2\/posts"}],"about":[{"href":"https:\/\/notinor.com\/jujuy\/wp-json\/wp\/v2\/types\/post"}],"author":[{"embeddable":true,"href":"https:\/\/notinor.com\/jujuy\/wp-json\/wp\/v2\/users\/1"}],"replies":[{"embeddable":true,"href":"https:\/\/notinor.com\/jujuy\/wp-json\/wp\/v2\/comments?post=302165"}],"version-history":[{"count":1,"href":"https:\/\/notinor.com\/jujuy\/wp-json\/wp\/v2\/posts\/302165\/revisions"}],"predecessor-version":[{"id":302169,"href":"https:\/\/notinor.com\/jujuy\/wp-json\/wp\/v2\/posts\/302165\/revisions\/302169"}],"wp:featuredmedia":[{"embeddable":true,"href":"https:\/\/notinor.com\/jujuy\/wp-json\/wp\/v2\/media\/294186"}],"wp:attachment":[{"href":"https:\/\/notinor.com\/jujuy\/wp-json\/wp\/v2\/media?parent=302165"}],"wp:term":[{"taxonomy":"category","embeddable":true,"href":"https:\/\/notinor.com\/jujuy\/wp-json\/wp\/v2\/categories?post=302165"},{"taxonomy":"post_tag","embeddable":true,"href":"https:\/\/notinor.com\/jujuy\/wp-json\/wp\/v2\/tags?post=302165"}],"curies":[{"name":"wp","href":"https:\/\/api.w.org\/{rel}","templated":true}]}}