{"id":302162,"date":"2021-06-18T14:35:36","date_gmt":"2021-06-18T17:35:36","guid":{"rendered":"https:\/\/notinor.com\/jujuy\/?p=302162"},"modified":"2021-06-18T14:35:41","modified_gmt":"2021-06-18T17:35:41","slug":"sin-conciliacion-alberto-fernandez-demandara-a-bullrich-por-danos-contra-el-honor","status":"publish","type":"post","link":"https:\/\/notinor.com\/jujuy\/sin-conciliacion-alberto-fernandez-demandara-a-bullrich-por-danos-contra-el-honor\/","title":{"rendered":"Sin conciliaci\u00f3n: Alberto Fern\u00e1ndez demandar\u00e1 a Bullrich por da\u00f1os contra el honor"},"content":{"rendered":"\n<p>Tal como se preve\u00eda no hubo conciliaci\u00f3n entre el presidente de la Naci\u00f3n, Alberto Fern\u00e1ndez, y la titular del PRO, Patricia Bullrich, en la audiencia por Zoom que tuvieron este mediod\u00eda por los dichos de la dirigente que sostuvo p\u00fablicamente que el gobierno nacional le pidi\u00f3 un \u201cretorno\u201d al laboratorio Pfizer para comparar sus vacunas.<\/p>\n\n\n\n<figure class=\"wp-block-image size-large\"><img decoding=\"async\" loading=\"lazy\" width=\"710\" height=\"397\" src=\"https:\/\/notinor.com\/jujuy\/wp-content\/uploads\/2021\/06\/alberto-7.jpg\" alt=\"\" class=\"wp-image-302167\" srcset=\"https:\/\/notinor.com\/jujuy\/wp-content\/uploads\/2021\/06\/alberto-7.jpg 710w, https:\/\/notinor.com\/jujuy\/wp-content\/uploads\/2021\/06\/alberto-7-653x365.jpg 653w, https:\/\/notinor.com\/jujuy\/wp-content\/uploads\/2021\/06\/alberto-7-500x280.jpg 500w\" sizes=\"(max-width: 710px) 100vw, 710px\" \/><\/figure>\n\n\n\n<p>Tras la audiencia de conciliaci\u00f3n, un paso legal obligatorio, Alberto Fern\u00e1ndez presentar\u00e1 en la justicia civil una demanda contra Bullrich por da\u00f1os y perjuicios contra el honor. Ser\u00e1 entre el martes y el mi\u00e9rcoles pr\u00f3ximo. Ya hab\u00eda adelantado que pedir\u00e1 que sea condenada con una suma de dinero que en caso de ganar el juicio donar\u00e1 al instituto Malbr\u00e1n.<\/p>\n\n\n\n<p>La audiencia, a cargo de una mediadora, es confidencial e Infobae pudo saber que como hab\u00edan anunciado tanto Fern\u00e1ndez como Bullrich estuvieron presentes. El Presidente hizo la videoconferencia desde la Casa Rosada. La audiencia dur\u00f3 aproximadamente 25 minutos en los que la mediadora plante\u00f3 el caso. \u201cSe cerr\u00f3 sin acuerdo\u201d, coincidieron fuentes ambos dirigentes<\/p>\n\n\n\n<p>Lo que provoc\u00f3 la instancia de mediaci\u00f3n fueron los dichos de Bullrich hace unas semanas en el canal La Naci\u00f3n+. \u201cLa actitud de Gonz\u00e1lez Garc\u00eda fue intentar tener un retorno. Eso el Presidente no lo ignoraba\u201d, dijo la titular del PRO en referencia a la negociaci\u00f3n entre el ex ministro de Salud Gin\u00e9s Gonz\u00e1lez Garc\u00eda y el laboratorio Pfizer para comprar sus vacunas contra el coronavirus.<\/p>\n\n\n\n<p>Tanto Fern\u00e1ndez, como Gonz\u00e1lez Garc\u00eda y el laboratorio desmintieron a Bullrich. \u201cPfizer no ha recibido peticiones de pagos indebidos en ning\u00fan momento. Por otro lado, la compa\u00f1\u00eda no cuenta con intermediarios, distribuidores privados o representantes para la provisi\u00f3n de vacuna COVID-19\u201d, sostuvo el laboratorio a trav\u00e9s de un comunicado. Tambi\u00e9n lo hizo el gerente general de Pfizer, Nicol\u00e1s Vaquer, cuando expuso a principio de mes en el Congreso Nacional.<\/p>\n\n\n\n<p>El Presidente y el ex ministro de Salud anunciaron que iniciar\u00edan demandas contra Bullrich. La titular del PRO ratific\u00f3 sus dichos en la red social Twitter: \u201cNo firmar el contrato es el hecho de corrupci\u00f3n. A partir de ah\u00ed, montaron la mentira de que Pfizer ped\u00eda condiciones leoninas, mientras les vend\u00eda a todos nuestros vecinos en condiciones aceptables. Los argentinos estamos destruidos, encerrados, sin educaci\u00f3n y sin trabajo. Y este gobierno, una vez m\u00e1s, abandon\u00f3 a la sociedad a su propia suerte. Y eso tendr\u00e1n que explicarlo ante la Justicia. El comunicado de Pfizer no niega nada de lo que yo digo. Por lo tanto, yo reafirmo mis dichos\u201d.<\/p>\n\n\n\n<p>Bullrich est\u00e1 en carrera electoral para los comicios legislativos de este a\u00f1o en el que busca representar el ala m\u00e1s dura y cr\u00edtica del gobierno nacional dentro de Juntos por el Cambio.<\/p>\n\n\n\n<p>Alberto Fern\u00e1ndez inici\u00f3 el camino judicial directo. El primer paso fue la audiencia de conciliaci\u00f3n que hoy fracas\u00f3. As\u00ed qued\u00f3 habilitado a presentar la demanda por da\u00f1os y perjuicios que comenzar directamente la v\u00eda judicial. Ser\u00e1 una demanda a presentarse entre martes y mi\u00e9rcoles en la justicia civil donde se sortear\u00e1 al juez a la jueza que deber\u00e1 tramitar el expediente.<\/p>\n\n\n\n<p>Por su parte, Gonz\u00e1lez Garc\u00eda tambi\u00e9n recurri\u00f3 a la justicia. \u201cConsidero que la denuncia de Bullrich es de una gravedad espantosa. Quiero hacerle todas las demandas que se puedan. No puede pasar esto\u201d, dijo el ex ministro de Salud.<\/p>\n\n\n\n<p>Primero le envi\u00f3 a Bullrich una carta documento para que ratifique o rectifique sus dichos por sus expresiones \u201cque son absolutamente falsas y, en consecuencia, calumniosas e injuriosas para mi persona\u201d. Bullrich contest\u00f3 que sus dichos no son calumnias ni injurias.<\/p>\n\n\n\n<p>Tras ese paso, el abogado de Gonz\u00e1lez Garc\u00eda, Mart\u00edn Arias Duval, se present\u00f3 en la C\u00e1mara Civil para obtener la audiencia de mediaci\u00f3n previa al inicio de la causa. Se espera la fecha para esa conciliaci\u00f3n que tendr\u00e1n el ex ministro de Salud y la titular del PRO.<\/p>\n","protected":false},"excerpt":{"rendered":"<p>Tal como se preve\u00eda no hubo conciliaci\u00f3n entre el presidente de la Naci\u00f3n, Alberto Fern\u00e1ndez, y la titular del PRO, Patricia Bullrich, en la audiencia por Zoom que tuvieron este mediod\u00eda por los dichos de la dirigente que sostuvo p\u00fablicamente que el gobierno nacional le pidi\u00f3 un \u201cretorno\u201d al laboratorio Pfizer para comparar sus vacunas. [&hellip;]<\/p>\n","protected":false},"author":5,"featured_media":302166,"comment_status":"open","ping_status":"open","sticky":false,"template":"","format":"standard","meta":{"_stopmodifiedupdate":false,"_modified_date":"","inline_featured_image":false,"spay_email":"","jetpack_publicize_message":""},"categories":[501],"tags":[],"jetpack_featured_media_url":"https:\/\/notinor.com\/jujuy\/wp-content\/uploads\/2021\/06\/alberto-6.jpg","jetpack_publicize_connections":[],"_links":{"self":[{"href":"https:\/\/notinor.com\/jujuy\/wp-json\/wp\/v2\/posts\/302162"}],"collection":[{"href":"https:\/\/notinor.com\/jujuy\/wp-json\/wp\/v2\/posts"}],"about":[{"href":"https:\/\/notinor.com\/jujuy\/wp-json\/wp\/v2\/types\/post"}],"author":[{"embeddable":true,"href":"https:\/\/notinor.com\/jujuy\/wp-json\/wp\/v2\/users\/5"}],"replies":[{"embeddable":true,"href":"https:\/\/notinor.com\/jujuy\/wp-json\/wp\/v2\/comments?post=302162"}],"version-history":[{"count":1,"href":"https:\/\/notinor.com\/jujuy\/wp-json\/wp\/v2\/posts\/302162\/revisions"}],"predecessor-version":[{"id":302168,"href":"https:\/\/notinor.com\/jujuy\/wp-json\/wp\/v2\/posts\/302162\/revisions\/302168"}],"wp:featuredmedia":[{"embeddable":true,"href":"https:\/\/notinor.com\/jujuy\/wp-json\/wp\/v2\/media\/302166"}],"wp:attachment":[{"href":"https:\/\/notinor.com\/jujuy\/wp-json\/wp\/v2\/media?parent=302162"}],"wp:term":[{"taxonomy":"category","embeddable":true,"href":"https:\/\/notinor.com\/jujuy\/wp-json\/wp\/v2\/categories?post=302162"},{"taxonomy":"post_tag","embeddable":true,"href":"https:\/\/notinor.com\/jujuy\/wp-json\/wp\/v2\/tags?post=302162"}],"curies":[{"name":"wp","href":"https:\/\/api.w.org\/{rel}","templated":true}]}}