{"id":302159,"date":"2021-06-18T14:24:57","date_gmt":"2021-06-18T17:24:57","guid":{"rendered":"https:\/\/notinor.com\/jujuy\/?p=302159"},"modified":"2021-06-18T14:25:01","modified_gmt":"2021-06-18T17:25:01","slug":"se-filtro-un-audio-que-vincula-a-milagro-sala-con-los-incidentes-ocurridos-en-campo-verde","status":"publish","type":"post","link":"https:\/\/notinor.com\/jujuy\/se-filtro-un-audio-que-vincula-a-milagro-sala-con-los-incidentes-ocurridos-en-campo-verde\/","title":{"rendered":"Se filtr\u00f3 un audio que vincula a Milagro Sala con los incidentes ocurridos en Campo Verde"},"content":{"rendered":"\n<p>La dirigente social fue imputada la semana pasada por instigaci\u00f3n a cometer delitos en el mencionado barrio durante el inicio de obra de un Colegio Secundario. El audio pertenece a una llamada telef\u00f3nica en la que Sala organiza los disturbios.<\/p>\n\n\n\n<figure class=\"wp-block-image size-large\"><img decoding=\"async\" loading=\"lazy\" width=\"768\" height=\"432\" src=\"https:\/\/notinor.com\/jujuy\/wp-content\/uploads\/2021\/02\/sala-1.jpg\" alt=\"\" class=\"wp-image-287721\" srcset=\"https:\/\/notinor.com\/jujuy\/wp-content\/uploads\/2021\/02\/sala-1.jpg 768w, https:\/\/notinor.com\/jujuy\/wp-content\/uploads\/2021\/02\/sala-1-649x365.jpg 649w, https:\/\/notinor.com\/jujuy\/wp-content\/uploads\/2021\/02\/sala-1-500x280.jpg 500w, https:\/\/notinor.com\/jujuy\/wp-content\/uploads\/2021\/02\/sala-1-750x422.jpg 750w\" sizes=\"(max-width: 768px) 100vw, 768px\" \/><\/figure>\n\n\n\n<p>El nombre de Milagro Sala sigue causando revuelo en Jujuy, pese a estar detenido con arresto domiciliario la dirigente social contin\u00faa sumando causas por sus acciones y ahora se filtr\u00f3 un audio que la coloca nuevamente en el ojo de la tormenta.<\/p>\n\n\n\n<p>Una llamada entre la dirigente social y un hombre se dio a conocer recientemente, forma parte del expediente de la \u00faltima causa que sum\u00f3 Sala la semana pasada por instigar a cometer delitos a los vecinos del barrio Campo Verde, incidente que tuvo lugar durante la inauguraci\u00f3n de obras para un nuevo colegio secundario.<\/p>\n\n\n\n<p>Este hecho ocurri\u00f3 en marzo de este a\u00f1o, cuando un grupo de vecinos impidi\u00f3 el avance de la empresa constructora que deb\u00eda iniciar las obras del establecimiento educativo en un espacio verde. Tras esto, el propio gobernador Gerardo Morales fue quien primero acus\u00f3 a Sala de organizar los disturbios. La semana pasada fue imputada por el crimen y este viernes se difundi\u00f3 el comprometedor audio.<\/p>\n\n\n\n<p>La transcripci\u00f3n del di\u00e1logo (<strong>Milagro Sala; <\/strong> su interlocutor):<\/p>\n\n\n\n<p><strong>-Hola, decile que vayan esta noche para ah\u00ed, los vecinos.<\/strong><br>-Si. Ya est\u00e1n ah\u00ed en vigilia. Est\u00e1n ah\u00ed, si si.<br><strong>-Que a la noche vayan mayor cantidad, cosa de que no los puedan sacar ma\u00f1ana.<\/strong><br>-Si, si. Ellos ya est\u00e1n ah\u00ed. Desde el viernes que est\u00e1n ah\u00ed acampando. Est\u00e1n todos en alerta.<br><strong>-Deciles que hagan carteles que digan, no soy de... no soy de Milagro Sala... Soy de Campo Verde.<\/strong><br>-Somos vecinos de Campo Verde... De una. Est\u00e1 claro quien es oposici\u00f3n y quien no.<br><strong>-Si... Si...<\/strong><br>-Es m\u00e1s. Hay que hacer con el mensaje de ellos, el mensaje nuestro y los vecinos diciendo: \"Nosotros somos vecinos, no somos ...\"<br><strong>-No somos Milagro Sala, no somos nada.<\/strong><br>-As\u00ed es. Lo mismo si pueden ir compa\u00f1eros ma\u00f1ana a acompa\u00f1ar ser\u00eda buen\u00edsimo. Alisto pocos nom\u00e1s. Pero vamos a ir. Tambi\u00e9n que los vecinos hagan el aguante, pero estar\u00eda bueno llevar compa\u00f1eros por las dudas.<br><strong>-Bueno, bueno...<\/strong><\/p>\n\n\n\n<p><strong>ESCUCH\u00c1 EL AUDIO<\/strong><\/p>\n\n\n\n<figure class=\"wp-block-embed-youtube wp-block-embed is-type-video is-provider-youtube wp-embed-aspect-16-9 wp-has-aspect-ratio\"><div class=\"wp-block-embed__wrapper\">\n<div class=\"jeg_video_container jeg_video_content\"><iframe loading=\"lazy\" title=\"El audio de Milagro Sala hablando sobre lo ocurrido en Campo Verde\" width=\"500\" height=\"281\" src=\"https:\/\/www.youtube.com\/embed\/znFWhFhqbUA?feature=oembed\" frameborder=\"0\" allow=\"accelerometer; autoplay; clipboard-write; encrypted-media; gyroscope; picture-in-picture\" allowfullscreen><\/iframe><\/div>\n<\/div><figcaption><strong>FUENTE EL TRIBUNO DE SALTA<\/strong><\/figcaption><\/figure>\n","protected":false},"excerpt":{"rendered":"<p>La dirigente social fue imputada la semana pasada por instigaci\u00f3n a cometer delitos en el mencionado barrio durante el inicio de obra de un Colegio Secundario. El audio pertenece a una llamada telef\u00f3nica en la que Sala organiza los disturbios. El nombre de Milagro Sala sigue causando revuelo en Jujuy, pese a estar detenido con [&hellip;]<\/p>\n","protected":false},"author":1,"featured_media":287721,"comment_status":"open","ping_status":"open","sticky":false,"template":"","format":"standard","meta":{"_stopmodifiedupdate":false,"_modified_date":"","inline_featured_image":false,"spay_email":"","jetpack_publicize_message":""},"categories":[2,501],"tags":[],"jetpack_featured_media_url":"https:\/\/notinor.com\/jujuy\/wp-content\/uploads\/2021\/02\/sala-1.jpg","jetpack_publicize_connections":[],"_links":{"self":[{"href":"https:\/\/notinor.com\/jujuy\/wp-json\/wp\/v2\/posts\/302159"}],"collection":[{"href":"https:\/\/notinor.com\/jujuy\/wp-json\/wp\/v2\/posts"}],"about":[{"href":"https:\/\/notinor.com\/jujuy\/wp-json\/wp\/v2\/types\/post"}],"author":[{"embeddable":true,"href":"https:\/\/notinor.com\/jujuy\/wp-json\/wp\/v2\/users\/1"}],"replies":[{"embeddable":true,"href":"https:\/\/notinor.com\/jujuy\/wp-json\/wp\/v2\/comments?post=302159"}],"version-history":[{"count":1,"href":"https:\/\/notinor.com\/jujuy\/wp-json\/wp\/v2\/posts\/302159\/revisions"}],"predecessor-version":[{"id":302164,"href":"https:\/\/notinor.com\/jujuy\/wp-json\/wp\/v2\/posts\/302159\/revisions\/302164"}],"wp:featuredmedia":[{"embeddable":true,"href":"https:\/\/notinor.com\/jujuy\/wp-json\/wp\/v2\/media\/287721"}],"wp:attachment":[{"href":"https:\/\/notinor.com\/jujuy\/wp-json\/wp\/v2\/media?parent=302159"}],"wp:term":[{"taxonomy":"category","embeddable":true,"href":"https:\/\/notinor.com\/jujuy\/wp-json\/wp\/v2\/categories?post=302159"},{"taxonomy":"post_tag","embeddable":true,"href":"https:\/\/notinor.com\/jujuy\/wp-json\/wp\/v2\/tags?post=302159"}],"curies":[{"name":"wp","href":"https:\/\/api.w.org\/{rel}","templated":true}]}}