{"id":302147,"date":"2021-06-18T11:48:24","date_gmt":"2021-06-18T14:48:24","guid":{"rendered":"https:\/\/notinor.com\/jujuy\/?p=302147"},"modified":"2021-06-18T11:48:29","modified_gmt":"2021-06-18T14:48:29","slug":"carne-el-gobierno-anunciara-el-nuevo-esquema-de-exportacion","status":"publish","type":"post","link":"https:\/\/notinor.com\/jujuy\/carne-el-gobierno-anunciara-el-nuevo-esquema-de-exportacion\/","title":{"rendered":"Carne: el Gobierno anunciar\u00e1 el nuevo esquema de exportaci\u00f3n"},"content":{"rendered":"\n<p>El domingo vence la restricci\u00f3n y hay expectativa en la cadena de ganados por la reuni\u00f3n con Alberto Fern\u00e1ndez.<\/p>\n\n\n\n<figure class=\"wp-block-image size-large\"><img decoding=\"async\" loading=\"lazy\" width=\"640\" height=\"480\" src=\"https:\/\/notinor.com\/jujuy\/wp-content\/uploads\/2021\/06\/Carne-640x480.jpg\" alt=\"\" class=\"wp-image-302148\" srcset=\"https:\/\/notinor.com\/jujuy\/wp-content\/uploads\/2021\/06\/Carne-640x480.jpg 640w, https:\/\/notinor.com\/jujuy\/wp-content\/uploads\/2021\/06\/Carne-487x365.jpg 487w, https:\/\/notinor.com\/jujuy\/wp-content\/uploads\/2021\/06\/Carne-768x576.jpg 768w, https:\/\/notinor.com\/jujuy\/wp-content\/uploads\/2021\/06\/Carne-750x563.jpg 750w, https:\/\/notinor.com\/jujuy\/wp-content\/uploads\/2021\/06\/Carne.jpg 1024w\" sizes=\"(max-width: 640px) 100vw, 640px\" \/><\/figure>\n\n\n\n<p>El Gobierno nacional ajusta los \u00faltimos detalles del nuevo esquema de exportaciones de carne vacuna que anunciar\u00e1 el pr\u00f3ximo martes.<\/p>\n\n\n\n<p>Es intenci\u00f3n de Alberto Fern\u00e1ndez reunirse con los diferentes sectores de la cadena para explicar los objetivos del Plan Ganadero, que significar\u00e1 implementar nuevos instrumentos y consensuar con el sector algunas pol\u00edticas.<\/p>\n\n\n\n<p>Por otro lado, en relaci\u00f3n a las exportaciones y la manera en que las mismas se reabrir\u00e1n, por estas horas se trabaja en el dise\u00f1o del marco reglamentario.<\/p>\n\n\n\n<p>Seg\u00fan trascendi\u00f3, el mismo significar\u00eda una reapertura parcial de las ventas al exterior, que fueron cerradas por decisi\u00f3n del Presidente el 20 de mayo con el objetivo de bajar los precios del mercado interno, una meta con resultado nulo hasta el momento.<\/p>\n\n\n\n<p>\u201cHoy el Presidente tiene la agenda bastante cargada y el lunes feriado\u201d. As\u00ed explicaron desde despachos oficiales los por qu\u00e9 de la demora de una medida que vence el domingo. Hab\u00eda circulado la versi\u00f3n de que el anuncio ser\u00eda hoy, pero qued\u00f3 descartado.<\/p>\n\n\n\n<p>Si bien los funcionarios que llevan adelante las negociaciones con los exportadores de carne vacuna no brindaron m\u00e1s precisiones sobre las caracter\u00edsticas que tendr\u00e1 el nuevo esquema, el ministro de Desarrollo Productivo, Mat\u00edas Kulfas, declin\u00f3 confirmar si se van a eliminar las restricciones a las exportaciones y s\u00f3lo se limit\u00f3 a decir, en declaraciones radiales, que las medidas tendr\u00e1n como objetivo el ordenamiento de la cadena, aumentar la producci\u00f3n de carne y garantizar que los cortes vacunos se comercialicen en el mercado interno a precios accesibles.<\/p>\n\n\n\n<p>\u201cEstamos terminando de ajustar los mecanismos. Hemos tenido varios encuentros con sectores de la producci\u00f3n y exportaci\u00f3n de carne. La salida de esto es que Argentina pueda superar la barrera hist\u00f3rica de 3 millones de toneladas al a\u00f1o de carne vacuna. Si pudi\u00e9ramos ir a un nivel de 5 millones, que es nuestro gran objetivo, en ese caso, podr\u00edamos garantizarnos 3 millones de toneladas para el mercado interno que permitir\u00eda recuperar el consumo y al mismo tiempo podr\u00edamos contar con 2 millones de toneladas para exportar, que ser\u00eda el doble de lo exportado el a\u00f1o pasado\u201d, dijo el funcionario.<\/p>\n","protected":false},"excerpt":{"rendered":"<p>El domingo vence la restricci\u00f3n y hay expectativa en la cadena de ganados por la reuni\u00f3n con Alberto Fern\u00e1ndez. El Gobierno nacional ajusta los \u00faltimos detalles del nuevo esquema de exportaciones de carne vacuna que anunciar\u00e1 el pr\u00f3ximo martes. Es intenci\u00f3n de Alberto Fern\u00e1ndez reunirse con los diferentes sectores de la cadena para explicar los [&hellip;]<\/p>\n","protected":false},"author":5,"featured_media":302148,"comment_status":"open","ping_status":"open","sticky":false,"template":"","format":"standard","meta":{"_stopmodifiedupdate":false,"_modified_date":"","inline_featured_image":false,"spay_email":"","jetpack_publicize_message":""},"categories":[676],"tags":[],"jetpack_featured_media_url":"https:\/\/notinor.com\/jujuy\/wp-content\/uploads\/2021\/06\/Carne.jpg","jetpack_publicize_connections":[],"_links":{"self":[{"href":"https:\/\/notinor.com\/jujuy\/wp-json\/wp\/v2\/posts\/302147"}],"collection":[{"href":"https:\/\/notinor.com\/jujuy\/wp-json\/wp\/v2\/posts"}],"about":[{"href":"https:\/\/notinor.com\/jujuy\/wp-json\/wp\/v2\/types\/post"}],"author":[{"embeddable":true,"href":"https:\/\/notinor.com\/jujuy\/wp-json\/wp\/v2\/users\/5"}],"replies":[{"embeddable":true,"href":"https:\/\/notinor.com\/jujuy\/wp-json\/wp\/v2\/comments?post=302147"}],"version-history":[{"count":1,"href":"https:\/\/notinor.com\/jujuy\/wp-json\/wp\/v2\/posts\/302147\/revisions"}],"predecessor-version":[{"id":302149,"href":"https:\/\/notinor.com\/jujuy\/wp-json\/wp\/v2\/posts\/302147\/revisions\/302149"}],"wp:featuredmedia":[{"embeddable":true,"href":"https:\/\/notinor.com\/jujuy\/wp-json\/wp\/v2\/media\/302148"}],"wp:attachment":[{"href":"https:\/\/notinor.com\/jujuy\/wp-json\/wp\/v2\/media?parent=302147"}],"wp:term":[{"taxonomy":"category","embeddable":true,"href":"https:\/\/notinor.com\/jujuy\/wp-json\/wp\/v2\/categories?post=302147"},{"taxonomy":"post_tag","embeddable":true,"href":"https:\/\/notinor.com\/jujuy\/wp-json\/wp\/v2\/tags?post=302147"}],"curies":[{"name":"wp","href":"https:\/\/api.w.org\/{rel}","templated":true}]}}