{"id":302123,"date":"2021-06-18T09:59:47","date_gmt":"2021-06-18T12:59:47","guid":{"rendered":"https:\/\/notinor.com\/jujuy\/?p=302123"},"modified":"2021-06-18T09:59:52","modified_gmt":"2021-06-18T12:59:52","slug":"guadalupe-el-gobierno-ofrece-una-recompensa-de-2-millones-para-obtener-datos","status":"publish","type":"post","link":"https:\/\/notinor.com\/jujuy\/guadalupe-el-gobierno-ofrece-una-recompensa-de-2-millones-para-obtener-datos\/","title":{"rendered":"Guadalupe: el Gobierno ofrece una recompensa de $2 millones para obtener datos"},"content":{"rendered":"\n<p>El Gobierno nacional ofreci\u00f3 una recompensa de 2 millones de pesos para quienes aporten \u201cinformaci\u00f3n \u00fatil\u201d que permita hallar a Guadalupe Bel\u00e9n Lucero, la ni\u00f1a de 5 a\u00f1os desaparecida en un barrio del sur de la capital de San Luis, el lunes \u00faltimo.<\/p>\n\n\n\n<figure class=\"wp-block-image size-large\"><img decoding=\"async\" loading=\"lazy\" width=\"640\" height=\"480\" src=\"https:\/\/notinor.com\/jujuy\/wp-content\/uploads\/2021\/06\/GUADA-640x480.jpg\" alt=\"\" class=\"wp-image-302126\" srcset=\"https:\/\/notinor.com\/jujuy\/wp-content\/uploads\/2021\/06\/GUADA-640x480.jpg 640w, https:\/\/notinor.com\/jujuy\/wp-content\/uploads\/2021\/06\/GUADA-487x365.jpg 487w, https:\/\/notinor.com\/jujuy\/wp-content\/uploads\/2021\/06\/GUADA-768x576.jpg 768w, https:\/\/notinor.com\/jujuy\/wp-content\/uploads\/2021\/06\/GUADA-750x563.jpg 750w, https:\/\/notinor.com\/jujuy\/wp-content\/uploads\/2021\/06\/GUADA.jpg 1024w\" sizes=\"(max-width: 640px) 100vw, 640px\" \/><\/figure>\n\n\n\n<p>La medida fue publicada este viernes en el Bolet\u00edn Oficial con la firma de la ministra de Seguridad, Sabina Frederic, a pedido del titular del juzgado penal N\u00ba 2 de San Luis, Ariel Parrillis, y se canaliz\u00f3 a trav\u00e9s del programa federal de b\u00fasqueda de personas y el \u201cAlerta Sofia\u201d.<\/p>\n\n\n\n<p>Las personas que puedan brindar informaci\u00f3n sobre su posible ubicaci\u00f3n pueden \u201ccomunicarse telef\u00f3nicamente con el Programa Nacional de Coordinaci\u00f3n para la B\u00fasqueda de Personas Ordenada por la Justicia\u201d, al n\u00famero telef\u00f3nico de acceso r\u00e1pido 134.<\/p>\n\n\n\n<p>El pago de la recompensa ser\u00e1 realizado en el Ministerio de Seguridad \u201co en el lugar que designe la representante\u201d de esta cartera, una vez que se analice \u201cel m\u00e9rito de la informaci\u00f3n brindada preservando la identidad del aportante\u201d.<\/p>\n\n\n\n<p>B\u00fasqueda desesperada<\/p>\n\n\n\n<p>Al momento de su desaparici\u00f3n, la ni\u00f1a vest\u00eda una \"campera de abrigo de tela tipo gabardina, de color negra con corderito interno de color rosado, y capucha con pelos de color blanco, pantal\u00f3n de calza rosado con dibujos estampados, botas tipo borcegos de color negras, buzo de algod\u00f3n frisado con la palabra `Love\u00b4 en el pecho de varios colores, debajo del buzo llevaba un buzo de lana de color blanco con pompones de colores, y polera de algod\u00f3n de color rosado\".<\/p>\n\n\n\n<p>La ni\u00f1a es \"de contextura f\u00edsica grande para su edad, de 1,10 metros de altura aproximadamente, cabello negro lacio, largo hasta los hombros, tez morocha, ojos de color marrones oscuros\".<\/p>\n\n\n\n<p>Adem\u00e1s, detalla la descripci\u00f3n, \"en su mejilla izquierda tiene un lunar, y un diente frontal superior quebrado\".<\/p>\n\n\n\n<p>La peque\u00f1a desaparecida.<\/p>\n\n\n\n<p>El jueves, el oficial inspector a cargo de Relaciones Policiales de la Jefatura Central de la Polic\u00eda de San Luis, Lucas Chac\u00f3n, inform\u00f3 que se realizaron rastrillajes focalizados en la zona oeste, m\u00e1s concretamente en el barrio 1\u00b0 de Mayo, desde el Puente Negro hacia la ruta a Pescadores.<\/p>\n\n\n\n<p>Se realizaron tambi\u00e9n tareas de buceo en el dique Chico y peritajes en el ex frigor\u00edfico de la zona, ya que en esa direcci\u00f3n apunt\u00f3 un can policial, pero no encontraron nada ninguno de los dos lugares, precis\u00f3 Chac\u00f3n en conferencia de prensa.<\/p>\n\n\n\n<p>Desde el inicio de la b\u00fasqueda, se realizaron m\u00e1s de 130 allanamientos y se tomaron declaraciones testimoniales a los familiares, al padre y a la madre de la ni\u00f1a y un equipo de psic\u00f3logos forenses de C\u00f3rdoba inici\u00f3 un trabajo de contenci\u00f3n para toda la familia.<\/p>\n\n\n\n<p>En cuanto a las hip\u00f3tesis de un ajuste de cuentas narco, que arroj\u00f3 el sitio web Infobae, Chac\u00f3n se limit\u00f3 a decir que \u201ces una de las hip\u00f3tesis\u201d y que \u201cse tienen en cuenta todas\u201d.<\/p>\n","protected":false},"excerpt":{"rendered":"<p>El Gobierno nacional ofreci\u00f3 una recompensa de 2 millones de pesos para quienes aporten \u201cinformaci\u00f3n \u00fatil\u201d que permita hallar a Guadalupe Bel\u00e9n Lucero, la ni\u00f1a de 5 a\u00f1os desaparecida en un barrio del sur de la capital de San Luis, el lunes \u00faltimo. La medida fue publicada este viernes en el Bolet\u00edn Oficial con la [&hellip;]<\/p>\n","protected":false},"author":5,"featured_media":302126,"comment_status":"open","ping_status":"open","sticky":false,"template":"","format":"standard","meta":{"_stopmodifiedupdate":false,"_modified_date":"","inline_featured_image":false,"spay_email":"","jetpack_publicize_message":""},"categories":[5],"tags":[],"jetpack_featured_media_url":"https:\/\/notinor.com\/jujuy\/wp-content\/uploads\/2021\/06\/GUADA.jpg","jetpack_publicize_connections":[],"_links":{"self":[{"href":"https:\/\/notinor.com\/jujuy\/wp-json\/wp\/v2\/posts\/302123"}],"collection":[{"href":"https:\/\/notinor.com\/jujuy\/wp-json\/wp\/v2\/posts"}],"about":[{"href":"https:\/\/notinor.com\/jujuy\/wp-json\/wp\/v2\/types\/post"}],"author":[{"embeddable":true,"href":"https:\/\/notinor.com\/jujuy\/wp-json\/wp\/v2\/users\/5"}],"replies":[{"embeddable":true,"href":"https:\/\/notinor.com\/jujuy\/wp-json\/wp\/v2\/comments?post=302123"}],"version-history":[{"count":1,"href":"https:\/\/notinor.com\/jujuy\/wp-json\/wp\/v2\/posts\/302123\/revisions"}],"predecessor-version":[{"id":302127,"href":"https:\/\/notinor.com\/jujuy\/wp-json\/wp\/v2\/posts\/302123\/revisions\/302127"}],"wp:featuredmedia":[{"embeddable":true,"href":"https:\/\/notinor.com\/jujuy\/wp-json\/wp\/v2\/media\/302126"}],"wp:attachment":[{"href":"https:\/\/notinor.com\/jujuy\/wp-json\/wp\/v2\/media?parent=302123"}],"wp:term":[{"taxonomy":"category","embeddable":true,"href":"https:\/\/notinor.com\/jujuy\/wp-json\/wp\/v2\/categories?post=302123"},{"taxonomy":"post_tag","embeddable":true,"href":"https:\/\/notinor.com\/jujuy\/wp-json\/wp\/v2\/tags?post=302123"}],"curies":[{"name":"wp","href":"https:\/\/api.w.org\/{rel}","templated":true}]}}