{"id":302117,"date":"2021-06-18T09:52:02","date_gmt":"2021-06-18T12:52:02","guid":{"rendered":"https:\/\/notinor.com\/jujuy\/?p=302117"},"modified":"2021-06-18T09:52:07","modified_gmt":"2021-06-18T12:52:07","slug":"detuvieron-al-acusado-de-matar-a-una-mujer-delante-de-su-hijo-en-villa-luzuriaga","status":"publish","type":"post","link":"https:\/\/notinor.com\/jujuy\/detuvieron-al-acusado-de-matar-a-una-mujer-delante-de-su-hijo-en-villa-luzuriaga\/","title":{"rendered":"Detuvieron al acusado de matar a una mujer delante de su hijo en Villa Luzuriaga"},"content":{"rendered":"\n<p><strong>Leonardo Juan Doval, el exconvicto, acusado del femicidio de Gloria Zimerman,<\/strong>\u00a0la mujer, de 29 a\u00f1os, asesinada a golpes el lunes a la noche, delante de su peque\u00f1o hijo, en Villa Luzuriaga, partido de La Matanza,\u00a0<strong>fue detenido<\/strong>\u00a0en una parrilla situada al lado de un puente, debajo de la autopista Riccheri, a pocos metros del Mercado Central, en Tapiales. Cuando los polic\u00edas lo detuvieron, acusado alcanz\u00f3 a decir: \u201cSoy el que est\u00e1n buscando\u201d<\/p>\n\n\n\n<figure class=\"wp-block-image is-resized\"><img decoding=\"async\" loading=\"lazy\" src=\"https:\/\/www.diario26.com\/media\/image\/2021\/06\/17\/478376.jpg\" alt=\"Detuvieron a Leonardo Doval, acusado por el femicidio de Villa Luzuriaga -  Diario 26\" width=\"1157\" height=\"657\"\/><\/figure>\n\n\n\n<p>Doval estuvo pr\u00f3fugo durante m\u00e1s de tres d\u00edas y era intensamente buscado por los efectivos de la polic\u00eda bonaerense, luego que la hermana del sospechoso viese<a href=\"https:\/\/www.lanacion.com.ar\/seguridad\/reconocio-a-su-hermano-en-la-television-como-el-femicida-de-villa-luzuriaga-y-aviso-a-la-policia-nid15062021\/\">\u00a0las im\u00e1genes de las c\u00e1maras de seguridad\u00a0<\/a>en las que aparec\u00eda la v\u00edctima, con su hijo, al lado de un hombre que la convenci\u00f3 para salir del quiosco que atend\u00eda con la excusa de llevarla a comprar una panchera.<\/p>\n\n\n\n<p><strong>Al observar las im\u00e1genes que se difundieron por los medios de comunicaci\u00f3n, la hermana de Doval lo identific\u00f3 y lo denunci\u00f3 ante la polic\u00eda y ante el fiscal de La Matanza, Gast\u00f3n Dupla\u00e1<\/strong>, quien orden\u00f3 la detenci\u00f3n del sospechoso.<\/p>\n\n\n\n<figure class=\"wp-block-image is-resized\"><img decoding=\"async\" loading=\"lazy\" src=\"https:\/\/resizer.glanacion.com\/resizer\/0SHfo-tezrPfSwQXa-m3boZbtbs=\/768x0\/filters:quality(80)\/cloudfront-us-east-1.images.arcpublishing.com\/lanacionar\/6QFWPRORENCHRBZVISKODHJHT4.jpg\" alt=\"El sospechoso, junto con Gloria Cristina Dom\u00ednguez Zimmerman, v\u00edctima de femicidio en Villa Luzuriaga\" width=\"1093\" height=\"729\"\/><figcaption>El sospechoso, junto con Gloria Cristina Dom\u00ednguez Zimmerman, v\u00edctima de femicidio en Villa Luzuriaga<\/figcaption><\/figure>\n\n\n\n<p>Doval fue acusado de matar a golpes a Zimerman en la planta alta del edificio donde funcionaba un centro educativo para ni\u00f1os con capacidades diferentes. A partir de la reconstrucci\u00f3n del femicidio realizada por los investigadores policiales se determin\u00f3 que Doval habr\u00eda matado a Zimerman, con un fuerte golpe en la cabeza, propinado con una piedra, despu\u00e9s de violarla, mientras el hijo de la v\u00edctima estaba en la planta baja.<\/p>\n\n\n\n<p>Despu\u00e9s de matar a Gloria, Doval abandon\u00f3 el edificio, pas\u00f3 por su casa en un complejo de monoblocks en Los Pinos, en el partido de La Matanza, le rob\u00f3 $ 15.000 a su hermana y huy\u00f3. Mientras tanto, en el edificio abandonado, el ni\u00f1o subi\u00f3 a la planta alta y encontr\u00f3 a su madre sin vida. Luego, baj\u00f3, llorando y pidi\u00f3 auxilio a un vendedor de garrapi\u00f1adas que alert\u00f3 al n\u00famero de emergencias 911.<\/p>\n\n\n\n<p><strong>Al revisar los antecedentes de Doval se determin\u00f3 que sali\u00f3 de la c\u00e1rcel en 2019, luego de cumplir una condena de 17 a\u00f1os de prisi\u00f3n por violaci\u00f3n y robo.<\/strong><\/p>\n","protected":false},"excerpt":{"rendered":"<p>Leonardo Juan Doval, el exconvicto, acusado del femicidio de Gloria Zimerman,\u00a0la mujer, de 29 a\u00f1os, asesinada a golpes el lunes a la noche, delante de su peque\u00f1o hijo, en Villa Luzuriaga, partido de La Matanza,\u00a0fue detenido\u00a0en una parrilla situada al lado de un puente, debajo de la autopista Riccheri, a pocos metros del Mercado Central, [&hellip;]<\/p>\n","protected":false},"author":40,"featured_media":302119,"comment_status":"open","ping_status":"open","sticky":false,"template":"","format":"standard","meta":{"_stopmodifiedupdate":false,"_modified_date":"","inline_featured_image":false,"spay_email":"","jetpack_publicize_message":""},"categories":[3],"tags":[],"jetpack_featured_media_url":"https:\/\/notinor.com\/jujuy\/wp-content\/uploads\/2021\/06\/478376.jpg","jetpack_publicize_connections":[],"_links":{"self":[{"href":"https:\/\/notinor.com\/jujuy\/wp-json\/wp\/v2\/posts\/302117"}],"collection":[{"href":"https:\/\/notinor.com\/jujuy\/wp-json\/wp\/v2\/posts"}],"about":[{"href":"https:\/\/notinor.com\/jujuy\/wp-json\/wp\/v2\/types\/post"}],"author":[{"embeddable":true,"href":"https:\/\/notinor.com\/jujuy\/wp-json\/wp\/v2\/users\/40"}],"replies":[{"embeddable":true,"href":"https:\/\/notinor.com\/jujuy\/wp-json\/wp\/v2\/comments?post=302117"}],"version-history":[{"count":1,"href":"https:\/\/notinor.com\/jujuy\/wp-json\/wp\/v2\/posts\/302117\/revisions"}],"predecessor-version":[{"id":302120,"href":"https:\/\/notinor.com\/jujuy\/wp-json\/wp\/v2\/posts\/302117\/revisions\/302120"}],"wp:featuredmedia":[{"embeddable":true,"href":"https:\/\/notinor.com\/jujuy\/wp-json\/wp\/v2\/media\/302119"}],"wp:attachment":[{"href":"https:\/\/notinor.com\/jujuy\/wp-json\/wp\/v2\/media?parent=302117"}],"wp:term":[{"taxonomy":"category","embeddable":true,"href":"https:\/\/notinor.com\/jujuy\/wp-json\/wp\/v2\/categories?post=302117"},{"taxonomy":"post_tag","embeddable":true,"href":"https:\/\/notinor.com\/jujuy\/wp-json\/wp\/v2\/tags?post=302117"}],"curies":[{"name":"wp","href":"https:\/\/api.w.org\/{rel}","templated":true}]}}