{"id":302110,"date":"2021-06-18T15:33:20","date_gmt":"2021-06-18T18:33:20","guid":{"rendered":"https:\/\/notinor.com\/jujuy\/?p=302110"},"modified":"2021-06-18T15:33:25","modified_gmt":"2021-06-18T18:33:25","slug":"constanza-martinoli-hay-mucho-sufrimiento-en-los-barrios-ojala-los-jujenos-votemos-a-otras-alternativas","status":"publish","type":"post","link":"https:\/\/notinor.com\/jujuy\/constanza-martinoli-hay-mucho-sufrimiento-en-los-barrios-ojala-los-jujenos-votemos-a-otras-alternativas\/","title":{"rendered":"Constanza Martinoli: \"Hay mucho sufrimiento en los barrios, ojal\u00e1 los juje\u00f1os votemos a otras alternativas\""},"content":{"rendered":"\n<p>La candidata a concejal por el Frente Con Toda el Alma se refiri\u00f3 a los comicios de este 27 de junio y pidi\u00f3 a la sociedad que se presente a votar: \"Espero que nos acompa\u00f1en, la gente est\u00e1 cansada de los mismos de siempre\".<\/p>\n\n\n\n<figure class=\"wp-block-image size-large\"><img decoding=\"async\" loading=\"lazy\" width=\"840\" height=\"473\" src=\"https:\/\/notinor.com\/jujuy\/wp-content\/uploads\/2021\/06\/constanza-martinoli-1-840x473.jpeg\" alt=\"\" class=\"wp-image-302113\" srcset=\"https:\/\/notinor.com\/jujuy\/wp-content\/uploads\/2021\/06\/constanza-martinoli-1-840x473.jpeg 840w, https:\/\/notinor.com\/jujuy\/wp-content\/uploads\/2021\/06\/constanza-martinoli-1-648x365.jpeg 648w, https:\/\/notinor.com\/jujuy\/wp-content\/uploads\/2021\/06\/constanza-martinoli-1-768x432.jpeg 768w, https:\/\/notinor.com\/jujuy\/wp-content\/uploads\/2021\/06\/constanza-martinoli-1-750x422.jpeg 750w, https:\/\/notinor.com\/jujuy\/wp-content\/uploads\/2021\/06\/constanza-martinoli-1.jpeg 1032w\" sizes=\"(max-width: 840px) 100vw, 840px\" \/><\/figure>\n\n\n\n<p><strong><em>Por: <a href=\"http:\/\/instagram.com\/lucascaballero15\">Lucas Caballero<\/a><\/em><\/strong><\/p>\n\n\n\n<p>Jujuy contin\u00faa atravesando el camino previo a las elecciones legislativas y los distintos frentes trabajan a toda m\u00e1quina para llegar mejor parados a la l\u00ednea final en esta decisiva \u00faltima recta.<\/p>\n\n\n\n<p>Bajo ese marco, nuestro medio se mantiene en su labor de recorrer los diferentes frentes y partidos de cara a los comicios del 27 de junio, que tendr\u00e1n un tinte particular por el contexto pand\u00e9mico que azota al mundo.<\/p>\n\n\n\n<p>Con todo esto en mente, desde el <strong>Frente Con Toda el Alma<\/strong> se mostraron expectantes en la recta final e instaron a que las personas vayan a votar y elijan a una alternativa diferente a las tradicionales.<\/p>\n\n\n\n<p>La candidata a concejal por San Salvador de Jujuy y reconocida m\u00e9dica oftalm\u00f3loga, <strong>Dra. Constanza Martinoli<\/strong>, se refiri\u00f3 a las elecciones y destac\u00f3 a la <strong>Lista 517<\/strong>: \"Lo atractivo y diferente que tenemos es que somos un frente que no incluye lo que ya todos conocemos, <strong>no est\u00e1 integrado ni por radicales ni peronistas.<\/strong> <strong>Se form\u00f3 desde la voluntad de personas, en su mayor\u00eda apol\u00edticas, que quieren cambiar las cosas porque ya est\u00e1n cansadas de los mismos de siempre\".<\/strong><\/p>\n\n\n\n<p>En cuanto a su motivaci\u00f3n por llegar al Deliberante capitalino, la doctora confes\u00f3 haber visto \"mucho sufrimiento\" en la sociedad. \"Trabajo en el consultorio y veo muchas injusticias en contra de la gente. Me quejo abiertamente de la gesti\u00f3n pero no solo de esta sino de todas las anteriores porque a nadie le importa realmente los problemas de las personas\".<\/p>\n\n\n\n<p><strong>\"A trav\u00e9s de esa queja es que decid\u00ed trabajar. Yo no soy pol\u00edtica, vivo de mi consultorio y con eso mantengo a mi familia. Para m\u00ed, dedicar mi tiempo de consultorio a la campa\u00f1a significa hacer Patria por todos esos vecinos que no son escuchados y que realmente lo necesitan\",<\/strong> destac\u00f3.<\/p>\n\n\n\n<p>En cuanto a las principales necesidades y de urgente abordaje por parte de las autoridades, Martinoli mencion\u00f3:<strong> \"Como m\u00e9dica estoy en contacto con el sufrimiento, pero lo que vimos en los barrios tiene otra magnitud<\/strong>\". M\u00e1s en detalle, la candidata del Frente Con Toda el Alma explic\u00f3 que las personas necesitan <strong>\"luz el\u00e9ctrica, alumbrado p\u00fablico por la inseguridad, poda de \u00e1rboles porque algunos caen encima de las casas, se\u00f1alizar debidamente las paradas de colectivos, limpieza de espacios verdes<\/strong>, entre otras tantas cosas\".<\/p>\n\n\n\n<p><strong>\"Nadie escucha a los vecinos y est\u00e1n pidiendo cosas b\u00e1sicas como asfalto, agua o cloacas\".<\/strong> Asimismo, afirm\u00f3 haberse conmovido luego de observar la capacidad de autoayuda que tienen los vecinos, \"todos se ayudan entre todos, no es la soluci\u00f3n pero es lo que encontraron en medio de la desidia\".<\/p>\n\n\n\n<p><strong><em>Te puede interesar | <a href=\"https:\/\/notinor.com\/jujuy\/ivan-poncio-veo-a-gerardo-morales-como-presidente-le-sobra-fortaleza-y-capacidad-para-lograrlo\/\">Iv\u00e1n Poncio: \u00abVeo a Gerardo Morales como Presidente, le sobra fortaleza y capacidad para lograrlo\u00bb<\/a><\/em><\/strong><\/p>\n\n\n\n<figure class=\"wp-block-image size-large\"><img decoding=\"async\" loading=\"lazy\" width=\"840\" height=\"473\" src=\"https:\/\/notinor.com\/jujuy\/wp-content\/uploads\/2021\/06\/constanza-martinoli-2-840x473.jpeg\" alt=\"\" class=\"wp-image-302114\" srcset=\"https:\/\/notinor.com\/jujuy\/wp-content\/uploads\/2021\/06\/constanza-martinoli-2-840x473.jpeg 840w, https:\/\/notinor.com\/jujuy\/wp-content\/uploads\/2021\/06\/constanza-martinoli-2-648x365.jpeg 648w, https:\/\/notinor.com\/jujuy\/wp-content\/uploads\/2021\/06\/constanza-martinoli-2-768x432.jpeg 768w, https:\/\/notinor.com\/jujuy\/wp-content\/uploads\/2021\/06\/constanza-martinoli-2-750x422.jpeg 750w, https:\/\/notinor.com\/jujuy\/wp-content\/uploads\/2021\/06\/constanza-martinoli-2.jpeg 1032w\" sizes=\"(max-width: 840px) 100vw, 840px\" \/><\/figure>\n\n\n\n<p>\"Quiero ser concejal porque siento que es el lugar desde el que puedo aportar m\u00e1s cosas a la sociedad y poder cumplir con sus demandas. Adem\u00e1s, quiero aprender y para eso hay que empezar siempre desde abajo, <strong>hay personas que se instalan en la pol\u00edtica y pasan siempre de un puesto al otro y esa no es la idea que ponderamos desde nuestro espacio\".<\/strong><\/p>\n\n\n\n<p>Siguiendo esa l\u00ednea de <strong>renovar la clase pol\u00edtica,<\/strong> la oftalm\u00f3loga mencion\u00f3 que <strong>\"hay gente muy buena que no se anima a participar porque ven que no tienen un espacio, yo les pido que se animen\".<\/strong><\/p>\n\n\n\n<p>Adem\u00e1s, inst\u00f3 a que las personas concurran a ejercer su derecho a voto para apoyar a los partidos minoritarios y \"dejar de votar siempre a los mismos\" para romper con el bipartidismo. \"Las personas no quieren ir a votar porque creen que todos son m\u00e1s de lo mismo, les pido por favor que voten porque tenemos que cambiar. Jujuy tiene mucha gente buena, yo los veo a diario pero est\u00e1n cansados y no creen en la pol\u00edtica\", mencion\u00f3.<\/p>\n\n\n\n<p>\"Somos un espacio a todo pulm\u00f3n porque no contamos con un presupuesto, tenemos una desigualdad muy grande y corremos desde atr\u00e1s. Yo no me quiero quejar sin antes haber peleado la batalla, s\u00e9 que estamos en desigualdad de condiciones pero hay mucha gente que conoce y respalda a los candidatos\", indic\u00f3 en relaci\u00f3n a la conformaci\u00f3n de la lista.<\/p>\n\n\n\n<p>Sobre esto \u00faltimo, Martinoli puso el foco en los principales aspirantes a ocupar los cargos en la Legislatura y el Concejo Deliberante: \"Est\u00e1 el pastor <strong>Daniel Guti\u00e9rrez<\/strong> que es referente evang\u00e9lico muy comprometido; <strong>Ana Alarc\u00f3n<\/strong> de 27 a\u00f1os quien es muy activa en voluntariados de Alto Comedero; y <strong>B\u00e1rbara Andreussi <\/strong>que tiene una vocaci\u00f3n pol\u00edtica de familia. Me da gusto trabajar con gente as\u00ed\".<\/p>\n\n\n\n<p><strong>En relaci\u00f3n a esto, la doctora mencion\u00f3 que \"todos son candidatos nuevos y eso es lo que la gente quiere\". Agreg\u00f3: \"Esto no termina en 15 d\u00edas, sigue por los pr\u00f3ximos a\u00f1os. Quiero que la gente sepa que hay otra alternativa\"<\/strong><\/p>\n\n\n\n<p><strong><em>Te puede interesar | <a href=\"https:\/\/notinor.com\/jujuy\/paso-a-paso-asi-sera-el-protocolo-sanitario-para-los-votantes-en-estas-elecciones-legislativas\/\">Paso a paso: as\u00ed ser\u00e1 el protocolo sanitario para los votantes en estas elecciones legislativas<\/a><\/em><\/strong><\/p>\n\n\n\n<p>Por otra parte, mencion\u00f3 que tienen varios proyectos pensados aunque el principal ser\u00e1 <strong>buscar la transparencia en la esfera pol\u00edtica<\/strong>. \"Debemos fiscalizar porque no tenemos muchos recursos monetarios; hoy Jujuy tiene dinero solo para pagar sueldos y quiz\u00e1s sobre un poco m\u00e1s, pero queremos saber a d\u00f3nde es destinado ese dinero sobrante\".<\/p>\n\n\n\n<p>\"El proyecto de litio significa 280 millones de d\u00f3lares y est\u00e1 hundido, no vemos los puestos de trabajo que deber\u00eda generar para Jujuy. Todos los trabajadores necesitan ayuda, en especial los emprendedores porque queremos que crezcan en la provincia\", afirm\u00f3.<\/p>\n\n\n\n<p>Asimismo, Martinoli ponder\u00f3 el rol de los j\u00f3venes en esta etapa de transformaci\u00f3n pol\u00edtica e indic\u00f3 que \"el cambio viene de la mano de la juventud\". \"Ellos deben estudiar y capacitarse porque tienen todas las energ\u00edas y fuerzas para generar este cambio\".<\/p>\n\n\n\n<p>Por \u00faltimo, la candidata del Frente Con Toda el Alma <strong>pidi\u00f3 a la ciudadan\u00eda que este 27 de junio se acerque a votar y que lo haga por otras alternativas distintas a las tradicionales.<\/strong> <strong>\"Invito a que nos elijan; tengo fe y creo en el pueblo juje\u00f1o. Estoy convencida de que van a votar otra cosa porque la situaci\u00f3n ya no da m\u00e1s. Ensuciaron la palabra pol\u00edtica y las personas quieren otro rumbo, espero que nos acompa\u00f1en porque existe otra alternativa\",<\/strong> finaliz\u00f3.<\/p>\n\n\n\n<h3><strong>LA VOZ DE LAS MUJERES:<\/strong><\/h3>\n\n\n\n<p><strong><em><a href=\"https:\/\/notinor.com\/jujuy\/gisel-bravo-espero-que-el-proximo-gobernador-salga-nuevamente-de-nuestro-partido\/\">Gisel Bravo: \u00abEspero que el pr\u00f3ximo Gobernador salga nuevamente de nuestro partido\u00bb<\/a><\/em><\/strong><\/p>\n\n\n\n<p><strong><em><a href=\"https:\/\/notinor.com\/jujuy\/susana-haquim-vamos-a-luchar-por-la-municipalidad-de-alto-comedero\/\">Susana Haquim: \u00abVamos a luchar por la Municipalidad de Alto Comedero\u00bb<\/a><\/em><\/strong><\/p>\n\n\n\n<p><strong><em><a href=\"https:\/\/notinor.com\/jujuy\/el-genero-nos-une-pero-la-clase-nos-divide-nosotros-estamos-con-las-mujeres-trabajadoras\/\">Natalia Morales: \u00abEl g\u00e9nero nos une pero la clase nos divide, nosotros estamos con las mujeres trabajadoras\u00bb<\/a><\/em><\/strong><\/p>\n\n\n\n<p><strong><em><a href=\"https:\/\/notinor.com\/jujuy\/anahi-juarez-tenemos-que-romper-con-el-bipartidismo-la-sociedad-esta-cansada-de-los-mismos-apellidos-de-siempre\/\">Anah\u00ed Ju\u00e1rez: \u00abTenemos que romper con el bipartidismo, la sociedad est\u00e1 cansada de los mismos apellidos de siempre\u00bb<\/a><\/em><\/strong><\/p>\n","protected":false},"excerpt":{"rendered":"<p>La candidata a concejal por el Frente Con Toda el Alma se refiri\u00f3 a los comicios de este 27 de junio y pidi\u00f3 a la sociedad que se presente a votar: \"Espero que nos acompa\u00f1en, la gente est\u00e1 cansada de los mismos de siempre\". Por: Lucas Caballero Jujuy contin\u00faa atravesando el camino previo a las [&hellip;]<\/p>\n","protected":false},"author":1,"featured_media":302114,"comment_status":"open","ping_status":"open","sticky":false,"template":"","format":"standard","meta":{"_stopmodifiedupdate":false,"_modified_date":"","inline_featured_image":false,"spay_email":"","jetpack_publicize_message":""},"categories":[2,501],"tags":[],"jetpack_featured_media_url":"https:\/\/notinor.com\/jujuy\/wp-content\/uploads\/2021\/06\/constanza-martinoli-2.jpeg","jetpack_publicize_connections":[],"_links":{"self":[{"href":"https:\/\/notinor.com\/jujuy\/wp-json\/wp\/v2\/posts\/302110"}],"collection":[{"href":"https:\/\/notinor.com\/jujuy\/wp-json\/wp\/v2\/posts"}],"about":[{"href":"https:\/\/notinor.com\/jujuy\/wp-json\/wp\/v2\/types\/post"}],"author":[{"embeddable":true,"href":"https:\/\/notinor.com\/jujuy\/wp-json\/wp\/v2\/users\/1"}],"replies":[{"embeddable":true,"href":"https:\/\/notinor.com\/jujuy\/wp-json\/wp\/v2\/comments?post=302110"}],"version-history":[{"count":5,"href":"https:\/\/notinor.com\/jujuy\/wp-json\/wp\/v2\/posts\/302110\/revisions"}],"predecessor-version":[{"id":302178,"href":"https:\/\/notinor.com\/jujuy\/wp-json\/wp\/v2\/posts\/302110\/revisions\/302178"}],"wp:featuredmedia":[{"embeddable":true,"href":"https:\/\/notinor.com\/jujuy\/wp-json\/wp\/v2\/media\/302114"}],"wp:attachment":[{"href":"https:\/\/notinor.com\/jujuy\/wp-json\/wp\/v2\/media?parent=302110"}],"wp:term":[{"taxonomy":"category","embeddable":true,"href":"https:\/\/notinor.com\/jujuy\/wp-json\/wp\/v2\/categories?post=302110"},{"taxonomy":"post_tag","embeddable":true,"href":"https:\/\/notinor.com\/jujuy\/wp-json\/wp\/v2\/tags?post=302110"}],"curies":[{"name":"wp","href":"https:\/\/api.w.org\/{rel}","templated":true}]}}