{"id":302108,"date":"2021-06-18T09:47:47","date_gmt":"2021-06-18T12:47:47","guid":{"rendered":"https:\/\/notinor.com\/jujuy\/?p=302108"},"modified":"2021-06-18T09:47:50","modified_gmt":"2021-06-18T12:47:50","slug":"un-funcionario-salteno-presento-su-renuncia-tras-el-acto-de-alberto-fernandez","status":"publish","type":"post","link":"https:\/\/notinor.com\/jujuy\/un-funcionario-salteno-presento-su-renuncia-tras-el-acto-de-alberto-fernandez\/","title":{"rendered":"Un funcionario salte\u00f1o present\u00f3 su renuncia tras el acto de Alberto Fern\u00e1ndez"},"content":{"rendered":"\n<h2>Se trata del encargado de la estrategia epidemiol\u00f3gica de la provincia, Francisco Aguilar; dijo que dejaron entrar a militantes en forma masiva y restringieron la entrada de gauchos al desfile en homenaje a G\u00fcemes<\/h2>\n\n\n\n<p>18 de junio de 202104:01<\/p>\n\n\n\n<figure class=\"wp-block-image is-resized\"><img decoding=\"async\" loading=\"lazy\" src=\"https:\/\/resizer.glanacion.com\/resizer\/70NpsljXYCGEh83HXcbLJnP0hqE=\/768x0\/filters:quality(80)\/cloudfront-us-east-1.images.arcpublishing.com\/lanacionar\/CXQ4IS4OHFC37BJ4MJKBXDWXZQ.JPG\" alt=\"Alberto Fern\u00e1ndez al encabezar esta ma\u00f1ana el acto conmemorativo por el bicentenario del fallecimiento del general Mart\u00edn Miguel de G\u00fcemes que tuvo lugar en el Monumento que se encuentra en la ciudad de Salta\" width=\"1176\" height=\"784\"\/><figcaption>Alberto Fern\u00e1ndez al encabezar esta ma\u00f1ana el acto conmemorativo por el bicentenario del fallecimiento del general Mart\u00edn Miguel de G\u00fcemes que tuvo lugar en el Monumento que se encuentra en la ciudad de SaltaPresidencia<\/figcaption><\/figure>\n\n\n\n<p>El presidente&nbsp;<mark>Alberto Fern\u00e1ndez<\/mark>&nbsp;encabez\u00f3 en Salta un homenaje al general&nbsp;<strong>Mart\u00edn Miguel de G\u00fcemes<\/strong>&nbsp;a 200 a\u00f1os de su muerte. Si bien el acto deb\u00eda tener pocos invitados por el contexto de la pandemia de coronavirus,&nbsp;<strong>una enorme columna de militantes<\/strong>&nbsp;con bombos y banderas se apareci\u00f3 en la ceremonia de la Guardia bajo las Estrellas.<\/p>\n\n\n\n<p>La escena despert\u00f3 el rechazo de muchos, entre ellos, la&nbsp;<strong>el titular del Comit\u00e9 Operativo de Emergencias (COE) -a cargo de la estrategia contra la pandemia- de la provincia, Francisco Aguilar, quien repudi\u00f3 la \u201cpolitizaci\u00f3n\u201d del homenaje y present\u00f3 su renuncia ante el gobernador de Salta, Gustavo S\u00e1enz.&nbsp;<\/strong>Aguilar cuestion\u00f3 que \u201cpor motivaciones pol\u00edticas\u201d se dejara ingresar mucha gente al acto, rompiendo protocolos.<\/p>\n\n\n\n<p>Y critic\u00f3 la \u201cpol\u00edtica err\u00e1tica\u201d del gobierno nacional.<\/p>\n\n\n\n<p>El m\u00e9dico del Hospital San Bernardo, que fue convocado por S\u00e1enz para cumplir sus funciones en el marco de la pandemia, se manifest\u00f3 en contra de la de movilizaci\u00f3n de unas cien personas \u201csin protocolo\u201d.<\/p>\n\n\n\n<p>En una misiva publicada esta tarde, el presidente del COE manifest\u00f3 su \u201cpreocupaci\u00f3n por los hechos acaecidos\u201d en el marco del acto conmemorativo de G\u00fcemes.<\/p>\n\n\n\n<p>\u201cCon gran tristeza, desde el COE tuvimos que restringir el desfile y la afluencia de p\u00fablico para rendir homenaje al General G\u00fcemes con la convicci\u00f3n de que una concurrencia numerosa podr\u00eda afectar la hoy delicada situaci\u00f3n sanitaria de nuestra provincia\u201d, explic\u00f3 Aguilar.<\/p>\n\n\n\n<p>El profesional destac\u00f3: \u201cNo obstante debido a motivaciones pol\u00edticas que no comparto y desconoc\u00eda, se autoriz\u00f3 el ingreso de simpatizantes del se\u00f1or Presidente de la Naci\u00f3n en una actitud que constituy\u00f3 una afrenta a los salte\u00f1os y al esfuerzo que la sociedad viene realizando para combatir esta pandemia\u201d, advirti\u00f3.<\/p>\n\n\n\n<p>En este contexto, el m\u00e9dico destac\u00f3 que \u2013a \u00faltimo momento- se impusieron restricciones a los gauchos, como la suspensi\u00f3n de tradicionales fogones que previamente hab\u00edan sido consensuados.<\/p>\n\n\n\n<figure class=\"wp-block-image is-resized\"><img decoding=\"async\" loading=\"lazy\" src=\"https:\/\/www.losprimeros.tv\/losprimeros\/fotos\/cache\/notas\/2021\/06\/18\/926x0_265087_20210618070332.jpg\" alt=\"Un funcionario salte\u00f1o renunci\u00f3 tras el acto encabezado por Alberto  Fern\u00e1ndez | Los Primeros TV\" width=\"1155\" height=\"663\"\/><\/figure>\n\n\n\n<p>\u201cLa err\u00e1tica y contradictoria pol\u00edtica sanitaria del gobierno nacional puede afectar seriamente la situaci\u00f3n de la pandemia, por transmitir a la comunidad la sensaci\u00f3n de que no se valoran los esfuerzos individuales y colectivos realizados en aras de proteger la salud p\u00fablica\u201d, enfatiz\u00f3.<\/p>\n\n\n\n<p>As\u00ed, Aguilar \u2013\u201dsin esperar ninguna contraprestaci\u00f3n m\u00e1s que la satisfacci\u00f3n de haber seguido\u201d con su vocaci\u00f3n-puso a disposici\u00f3n del gobernador S\u00e1enz la renuncia al cargo que, seg\u00fan afirma, lo honr\u00f3.<\/p>\n\n\n\n<p>\u201cFue lamentable\u201d<br>M\u00e1s temprano, Aguilar hab\u00eda hablado con el diario local El Tribuno sobre los hechos. \u201cLo que pas\u00f3 ayer fue lamentable, pone en riesgo la situaci\u00f3n sanitaria de Salta que est\u00e1 muy al l\u00edmite, muy exigida, en cuanto a camas, medicamentos, recursos humanos\u201d, sostuvo.<\/p>\n\n\n\n<p>\u201cNosotros hab\u00edamos armado toda una estructura sanitaria segura para el acto de G\u00fcemes\u201d, dijo Aguilar, y detall\u00f3: \u201cNos hab\u00edamos puesto de acuerdo con los gauchos despu\u00e9s de un mont\u00f3n de reuniones y nos pusimos de acuerdo, lo entendieron\u201d.<\/p>\n\n\n\n<p>Seg\u00fan El Tribuno, el homenaje a G\u00fcemes signific\u00f3 meses de intercambios y negociaciones que culminaron con la decisi\u00f3n del COE de prohibir la realizaci\u00f3n de desfiles o marchas. As\u00ed, el \u00fanico acto permitido fue el de la Guardia bajo las Estrellas, ayer por la noche.<\/p>\n\n\n\n<p>El reclamo de gauchos<br>La presencia de cientos de militantes en el homenaje a G\u00fcemes ayer por la noche tambi\u00e9n tuvo el reclamo de la agrupaci\u00f3n gaucha Juan Carlos D\u00e1valos, que denunci\u00f3 no haber podido participar de la conmemoraci\u00f3n al h\u00e9roe patrio.<\/p>\n\n\n\n<p>Diego Amante, integrante de la comisi\u00f3n directiva de la agrupaci\u00f3n gaucha Juan Carlos D\u00e1valos, de San Lorenzo, tambi\u00e9n critic\u00f3 la protesta durante el acto dedicado al h\u00e9roe nacional. \u201cConvirtieron el homenaje en una acto pol\u00edtico\u201d, asever\u00f3.<\/p>\n\n\n\n<figure class=\"wp-block-image\"><img decoding=\"async\" src=\"https:\/\/www.mdzol.com\/u\/fotografias\/m\/2021\/6\/17\/f1280x720-1070981_1202656_4851.jpg\" alt=\"\u26a1T\u00edtulo de MDZ: Esc\u00e1ndalo en Salta por el descontrol militante en la visita  de Alberto\"\/><\/figure>\n\n\n\n<p>\u201cLo que sucedi\u00f3 es una verg\u00fcenza total y una falta de respeto\u201d, dijo Amante en un audio que circul\u00f3 anoche. De acuerdo al testimonio de Amante, los se dispusieron a custodiar al general G\u00fcemes y no fue hasta la llegada del Presidente y de los funcionarios que se procedi\u00f3 a encender las luces y la m\u00fasica.<\/p>\n\n\n\n<p>Donde supuestamente no se pod\u00eda ingresar por protocolo de pandemia,&nbsp;<strong>\u201cingresaron cientos de militantes, con bombos y banderas\u201d<\/strong>, seg\u00fan Amante.<\/p>\n\n\n\n<p><strong>\u201cLos gauchos entendimos que no pod\u00edamos soportar m\u00e1s la afrenta y les gritamos que eran unos irrespetuosos\u201d<\/strong>, precis\u00f3 Amante. Los gauchos se retiraron a un costado, cantaron el himno y la marcha a G\u00fcemes y luego se fueron del lugar.<\/p>\n\n\n\n<p><strong>\u201cPor primera vez en la historia de Salta, justo en el bicentenario de su fallecimiento, el general G\u00fcemes se qued\u00f3 sin la guardia de sus gauchos. Un insulto a la historia del pueblo de Salta\u201d<\/strong>, lament\u00f3 el hombre.<\/p>\n","protected":false},"excerpt":{"rendered":"<p>Se trata del encargado de la estrategia epidemiol\u00f3gica de la provincia, Francisco Aguilar; dijo que dejaron entrar a militantes en forma masiva y restringieron la entrada de gauchos al desfile en homenaje a G\u00fcemes 18 de junio de 202104:01 El presidente&nbsp;Alberto Fern\u00e1ndez&nbsp;encabez\u00f3 en Salta un homenaje al general&nbsp;Mart\u00edn Miguel de G\u00fcemes&nbsp;a 200 a\u00f1os de su [&hellip;]<\/p>\n","protected":false},"author":40,"featured_media":302111,"comment_status":"open","ping_status":"open","sticky":false,"template":"","format":"standard","meta":{"_stopmodifiedupdate":false,"_modified_date":"","inline_featured_image":false,"spay_email":"","jetpack_publicize_message":""},"categories":[5],"tags":[],"jetpack_featured_media_url":"https:\/\/notinor.com\/jujuy\/wp-content\/uploads\/2021\/06\/CXQ4IS4OHFC37BJ4MJKBXDWXZQ.jpg","jetpack_publicize_connections":[],"_links":{"self":[{"href":"https:\/\/notinor.com\/jujuy\/wp-json\/wp\/v2\/posts\/302108"}],"collection":[{"href":"https:\/\/notinor.com\/jujuy\/wp-json\/wp\/v2\/posts"}],"about":[{"href":"https:\/\/notinor.com\/jujuy\/wp-json\/wp\/v2\/types\/post"}],"author":[{"embeddable":true,"href":"https:\/\/notinor.com\/jujuy\/wp-json\/wp\/v2\/users\/40"}],"replies":[{"embeddable":true,"href":"https:\/\/notinor.com\/jujuy\/wp-json\/wp\/v2\/comments?post=302108"}],"version-history":[{"count":1,"href":"https:\/\/notinor.com\/jujuy\/wp-json\/wp\/v2\/posts\/302108\/revisions"}],"predecessor-version":[{"id":302112,"href":"https:\/\/notinor.com\/jujuy\/wp-json\/wp\/v2\/posts\/302108\/revisions\/302112"}],"wp:featuredmedia":[{"embeddable":true,"href":"https:\/\/notinor.com\/jujuy\/wp-json\/wp\/v2\/media\/302111"}],"wp:attachment":[{"href":"https:\/\/notinor.com\/jujuy\/wp-json\/wp\/v2\/media?parent=302108"}],"wp:term":[{"taxonomy":"category","embeddable":true,"href":"https:\/\/notinor.com\/jujuy\/wp-json\/wp\/v2\/categories?post=302108"},{"taxonomy":"post_tag","embeddable":true,"href":"https:\/\/notinor.com\/jujuy\/wp-json\/wp\/v2\/tags?post=302108"}],"curies":[{"name":"wp","href":"https:\/\/api.w.org\/{rel}","templated":true}]}}