{"id":302088,"date":"2021-06-18T09:33:35","date_gmt":"2021-06-18T12:33:35","guid":{"rendered":"https:\/\/notinor.com\/jujuy\/?p=302088"},"modified":"2021-06-18T09:33:38","modified_gmt":"2021-06-18T12:33:38","slug":"cultura-en-linea-en-el-carmen","status":"publish","type":"post","link":"https:\/\/notinor.com\/jujuy\/cultura-en-linea-en-el-carmen\/","title":{"rendered":"\" Cultura en L\u00ednea\" en El Carmen"},"content":{"rendered":"\n<p>Con la puesta en escena del primer espect\u00e1culo cultural organizado por el \u00c1rea Cultura de la Municipalidad de El Carmen, a cargo del Profesor Mat\u00edas Tejerina, qued\u00f3 inaugurada en la tarde de ayer mi\u00e9rcoles, en la Casa de la Cultura y el Bicentenario, el primer ciclo de espect\u00e1culos virtuales denominado Cultura en L\u00ednea que se realizar\u00e1 y emitir\u00e1 todos los Mi\u00e9rcoles y Viernes de 16 a 18 horas por la p\u00e1gina oficial de la Municipalidad de El Carmen.<\/p>\n\n\n\n<figure class=\"wp-block-image size-large is-resized\"><img decoding=\"async\" loading=\"lazy\" src=\"https:\/\/notinor.com\/jujuy\/wp-content\/uploads\/2021\/06\/WhatsApp-Image-2021-06-17-at-18.04.30.jpeg\" alt=\"\" class=\"wp-image-302090\" width=\"1144\" height=\"651\"\/><\/figure>\n\n\n\n<p> El ciclo comenz\u00f3 con la actuaci\u00f3n del Ballet Romance Juje\u00f1o a cargo de la Profesora Karen Vilte, quien present\u00f3 la obra denominada \"Casamiento de Campo\" previo presentar un cuadro sure\u00f1o de la \u00e9poca de 1920. Al dejar inaugurada la temporada cultural mencionada. El profesor Tejerina dijo que la idea es mostrar todo el potencial Cultural de los Artistas locales, sean estos Grupos musicales, solistas, ballet, Artesanos, pintores escultores etc. Por \u00faltimo el Funcionario agradeci\u00f3 a quienes hacen posible concretar el mencionado ciclo, e invito a quienes deseen mostrar sus trabajos, contactarse al celular 388 456 1843 o de forma personal en Avenida 9 de Julio esq. Avda. J.Domingo Per\u00f3n, El Carmen.<\/p>\n","protected":false},"excerpt":{"rendered":"<p>Con la puesta en escena del primer espect\u00e1culo cultural organizado por el \u00c1rea Cultura de la Municipalidad de El Carmen, a cargo del Profesor Mat\u00edas Tejerina, qued\u00f3 inaugurada en la tarde de ayer mi\u00e9rcoles, en la Casa de la Cultura y el Bicentenario, el primer ciclo de espect\u00e1culos virtuales denominado Cultura en L\u00ednea que se [&hellip;]<\/p>\n","protected":false},"author":40,"featured_media":302090,"comment_status":"open","ping_status":"open","sticky":false,"template":"","format":"standard","meta":{"_stopmodifiedupdate":false,"_modified_date":"","inline_featured_image":false,"spay_email":"","jetpack_publicize_message":""},"categories":[4],"tags":[],"jetpack_featured_media_url":"https:\/\/notinor.com\/jujuy\/wp-content\/uploads\/2021\/06\/WhatsApp-Image-2021-06-17-at-18.04.30.jpeg","jetpack_publicize_connections":[],"_links":{"self":[{"href":"https:\/\/notinor.com\/jujuy\/wp-json\/wp\/v2\/posts\/302088"}],"collection":[{"href":"https:\/\/notinor.com\/jujuy\/wp-json\/wp\/v2\/posts"}],"about":[{"href":"https:\/\/notinor.com\/jujuy\/wp-json\/wp\/v2\/types\/post"}],"author":[{"embeddable":true,"href":"https:\/\/notinor.com\/jujuy\/wp-json\/wp\/v2\/users\/40"}],"replies":[{"embeddable":true,"href":"https:\/\/notinor.com\/jujuy\/wp-json\/wp\/v2\/comments?post=302088"}],"version-history":[{"count":1,"href":"https:\/\/notinor.com\/jujuy\/wp-json\/wp\/v2\/posts\/302088\/revisions"}],"predecessor-version":[{"id":302092,"href":"https:\/\/notinor.com\/jujuy\/wp-json\/wp\/v2\/posts\/302088\/revisions\/302092"}],"wp:featuredmedia":[{"embeddable":true,"href":"https:\/\/notinor.com\/jujuy\/wp-json\/wp\/v2\/media\/302090"}],"wp:attachment":[{"href":"https:\/\/notinor.com\/jujuy\/wp-json\/wp\/v2\/media?parent=302088"}],"wp:term":[{"taxonomy":"category","embeddable":true,"href":"https:\/\/notinor.com\/jujuy\/wp-json\/wp\/v2\/categories?post=302088"},{"taxonomy":"post_tag","embeddable":true,"href":"https:\/\/notinor.com\/jujuy\/wp-json\/wp\/v2\/tags?post=302088"}],"curies":[{"name":"wp","href":"https:\/\/api.w.org\/{rel}","templated":true}]}}