{"id":302085,"date":"2021-06-18T09:33:24","date_gmt":"2021-06-18T12:33:24","guid":{"rendered":"https:\/\/notinor.com\/jujuy\/?p=302085"},"modified":"2021-06-18T09:33:28","modified_gmt":"2021-06-18T12:33:28","slug":"el-gobierno-nacional-propuso-que-los-estudiantes-no-repitan-tampoco-este-ano","status":"publish","type":"post","link":"https:\/\/notinor.com\/jujuy\/el-gobierno-nacional-propuso-que-los-estudiantes-no-repitan-tampoco-este-ano\/","title":{"rendered":"El Gobierno nacional propuso que los estudiantes no repitan tampoco este a\u00f1o"},"content":{"rendered":"\n<p>Funcionarios del gobierno nacional propusieron en el Consejo Federal de Educaci\u00f3n que, al igual que en 2020, todos los alumnos sean promovidos al nivel siguiente, sin \u201crepitencia\u201d, debido a la continuidad de la pandemia y el cierre de las escuelas que se registr\u00f3 en la primera mitad del a\u00f1o y que se estima que persistir\u00e1 en el siguiente semestre.<\/p>\n\n\n\n<figure class=\"wp-block-image size-large\"><img decoding=\"async\" loading=\"lazy\" width=\"640\" height=\"480\" src=\"https:\/\/notinor.com\/jujuy\/wp-content\/uploads\/2021\/06\/escuelas-640x480.jpg\" alt=\"\" class=\"wp-image-302089\" srcset=\"https:\/\/notinor.com\/jujuy\/wp-content\/uploads\/2021\/06\/escuelas-640x480.jpg 640w, https:\/\/notinor.com\/jujuy\/wp-content\/uploads\/2021\/06\/escuelas-487x365.jpg 487w, https:\/\/notinor.com\/jujuy\/wp-content\/uploads\/2021\/06\/escuelas-768x576.jpg 768w, https:\/\/notinor.com\/jujuy\/wp-content\/uploads\/2021\/06\/escuelas-750x563.jpg 750w, https:\/\/notinor.com\/jujuy\/wp-content\/uploads\/2021\/06\/escuelas.jpg 1024w\" sizes=\"(max-width: 640px) 100vw, 640px\" \/><\/figure>\n\n\n\n<p>El planteo, que ocurri\u00f3 el martes en el encuentro que celebraron los ministros de las 24 jurisdicciones y el Ministerio de Naci\u00f3n, que encabeza Nicol\u00e1s Trotta, gener\u00f3 sorpresa y en algunas provincias cierto malestar, pero no hubo un impacto en la agenda pol\u00edtica.<\/p>\n\n\n\n<p>De hecho, el funcionario de la Casa Rosada confirm\u00f3 la idea en televisi\u00f3n y, un d\u00eda despu\u00e9s, el mi\u00e9rcoles, su colega porte\u00f1a, Soledad Acu\u00f1a lo rechaz\u00f3 de manera enf\u00e1tica en el mismo escenario p\u00fablico.<\/p>\n\n\n\n<p>Lo cierto es que en el encuentro nacional, la secretaria de Educaci\u00f3n, Marisa D\u00edaz, propuso extender un a\u00f1o m\u00e1s la actual \u201cunidad pedag\u00f3gica\u201d del 2020 y el 2021. En medio de la pandemia, con colegios cerrados y toda la actividad escolar alterada, se hab\u00eda definido que todos los alumnos pasaran al grado o al a\u00f1o siguiente, sin que las evaluaciones obligatorias acreditaran conocimientos m\u00ednimos para la promoci\u00f3n. Ahora, se sugiri\u00f3 que ese mecanismo podr\u00eda repetirse.<\/p>\n\n\n\n<p>A esa posibilidad se refiri\u00f3 el viernes por la noche Trotta, de volver a ir hacia una \u201cpromoci\u00f3n acompa\u00f1ada\u201d: \u201cEstamos poniendo el foco en la repitencia. \u00bfQu\u00e9 estamos planteando nosotros en la excepcionalidad de la pandemia? No hay promoci\u00f3n autom\u00e1tica. Los aprendizajes que quedaron pendientes hay que reorganizarlos con la propuesta de este a\u00f1o. Intensificar los aprendizajes no se traduce en ver lo mismo m\u00e1s r\u00e1pido, es una propuesta pedag\u00f3gica distinta, que tiene que garantizar esos aprendizajes con una propuesta distinta en cuanto a los contenidos\u201d, se\u00f1al\u00f3 en di\u00e1logo con TN.<\/p>\n","protected":false},"excerpt":{"rendered":"<p>Funcionarios del gobierno nacional propusieron en el Consejo Federal de Educaci\u00f3n que, al igual que en 2020, todos los alumnos sean promovidos al nivel siguiente, sin \u201crepitencia\u201d, debido a la continuidad de la pandemia y el cierre de las escuelas que se registr\u00f3 en la primera mitad del a\u00f1o y que se estima que persistir\u00e1 [&hellip;]<\/p>\n","protected":false},"author":5,"featured_media":302089,"comment_status":"open","ping_status":"open","sticky":false,"template":"","format":"standard","meta":{"_stopmodifiedupdate":false,"_modified_date":"","inline_featured_image":false,"spay_email":"","jetpack_publicize_message":""},"categories":[5],"tags":[],"jetpack_featured_media_url":"https:\/\/notinor.com\/jujuy\/wp-content\/uploads\/2021\/06\/escuelas.jpg","jetpack_publicize_connections":[],"_links":{"self":[{"href":"https:\/\/notinor.com\/jujuy\/wp-json\/wp\/v2\/posts\/302085"}],"collection":[{"href":"https:\/\/notinor.com\/jujuy\/wp-json\/wp\/v2\/posts"}],"about":[{"href":"https:\/\/notinor.com\/jujuy\/wp-json\/wp\/v2\/types\/post"}],"author":[{"embeddable":true,"href":"https:\/\/notinor.com\/jujuy\/wp-json\/wp\/v2\/users\/5"}],"replies":[{"embeddable":true,"href":"https:\/\/notinor.com\/jujuy\/wp-json\/wp\/v2\/comments?post=302085"}],"version-history":[{"count":1,"href":"https:\/\/notinor.com\/jujuy\/wp-json\/wp\/v2\/posts\/302085\/revisions"}],"predecessor-version":[{"id":302091,"href":"https:\/\/notinor.com\/jujuy\/wp-json\/wp\/v2\/posts\/302085\/revisions\/302091"}],"wp:featuredmedia":[{"embeddable":true,"href":"https:\/\/notinor.com\/jujuy\/wp-json\/wp\/v2\/media\/302089"}],"wp:attachment":[{"href":"https:\/\/notinor.com\/jujuy\/wp-json\/wp\/v2\/media?parent=302085"}],"wp:term":[{"taxonomy":"category","embeddable":true,"href":"https:\/\/notinor.com\/jujuy\/wp-json\/wp\/v2\/categories?post=302085"},{"taxonomy":"post_tag","embeddable":true,"href":"https:\/\/notinor.com\/jujuy\/wp-json\/wp\/v2\/tags?post=302085"}],"curies":[{"name":"wp","href":"https:\/\/api.w.org\/{rel}","templated":true}]}}