{"id":302067,"date":"2021-06-18T09:12:19","date_gmt":"2021-06-18T12:12:19","guid":{"rendered":"https:\/\/notinor.com\/jujuy\/?p=302067"},"modified":"2021-06-18T09:12:25","modified_gmt":"2021-06-18T12:12:25","slug":"radio-muni-pone-al-aire-un-espacio-para-sembrar-conciencia","status":"publish","type":"post","link":"https:\/\/notinor.com\/jujuy\/radio-muni-pone-al-aire-un-espacio-para-sembrar-conciencia\/","title":{"rendered":"Radio Muni pone al aire un espacio para sembrar conciencia"},"content":{"rendered":"\n<p>En un trabajo conjunto entre la direcci\u00f3n de Asistencia Directa, la direcci\u00f3n de Educaci\u00f3n, dependientes de la secretar\u00eda de Desarrollo Humano y la Radio Municipal, contin\u00faa, este viernes con el espacio Radial \u201cSembrando Conciencia en la radio\u201d, un micro que se transmite todos los viernes, de 8.30 a 9 horas por FM 88.5, en el programa \u201cLev\u00e1ntate Jujuy\u201d.<\/p>\n\n\n\n<figure class=\"wp-block-image size-large\"><img decoding=\"async\" loading=\"lazy\" width=\"700\" height=\"364\" src=\"https:\/\/notinor.com\/jujuy\/wp-content\/uploads\/2021\/06\/Radio-Muni-1.jpg\" alt=\"\" class=\"wp-image-302069\" srcset=\"https:\/\/notinor.com\/jujuy\/wp-content\/uploads\/2021\/06\/Radio-Muni-1.jpg 700w, https:\/\/notinor.com\/jujuy\/wp-content\/uploads\/2021\/06\/Radio-Muni-1-660x343.jpg 660w\" sizes=\"(max-width: 700px) 100vw, 700px\" \/><\/figure>\n\n\n\n<p><strong>Un programa destinado a la agricultura familiar a partir del cual se estimular\u00e1 a las familias y otros actores de la ciudad a producir sus propios alimentos en huertas urbanas para autoconsumo,<\/strong>&nbsp;empez\u00f3 con muy buena aceptaci\u00f3n por parte de los radioescuchas. Los interlocutores podr\u00e1n aprender sobre: Compost, tipos de semillas, riego, plagas, enfermedades y otros temas relacionados con la producci\u00f3n.<\/p>\n\n\n\n<p>Adem\u00e1s,<strong>&nbsp;habr\u00e1 entrevistas en vivo y la responsable del departamento de Huertas del Municipio, Ing. Agr\u00f3noma Mar\u00eda Eugenia Sosa, responder\u00e1 consultas de los oyentes.<\/strong><\/p>\n\n\n\n<p><strong>Los interesados podr\u00e1n participar a trav\u00e9s del tel\u00e9fono: 388 507 3656, por las redes sociales<\/strong>&nbsp;de la radio: Facebook, Twitter e instagram @radiomunijujuy, o bien conectarse por&nbsp;<a rel=\"noreferrer noopener\" href=\"https:\/\/885radiomuni.radiostream321.com\/\" target=\"_blank\">https:\/\/885radiomuni.radiostream321.com\/&nbsp;<\/a>o a trav\u00e9s de la<strong>&nbsp;FM 88.5<\/strong><\/p>\n","protected":false},"excerpt":{"rendered":"<p>En un trabajo conjunto entre la direcci\u00f3n de Asistencia Directa, la direcci\u00f3n de Educaci\u00f3n, dependientes de la secretar\u00eda de Desarrollo Humano y la Radio Municipal, contin\u00faa, este viernes con el espacio Radial \u201cSembrando Conciencia en la radio\u201d, un micro que se transmite todos los viernes, de 8.30 a 9 horas por FM 88.5, en el [&hellip;]<\/p>\n","protected":false},"author":5,"featured_media":302071,"comment_status":"open","ping_status":"open","sticky":false,"template":"","format":"standard","meta":{"_stopmodifiedupdate":false,"_modified_date":"","inline_featured_image":false,"spay_email":"","jetpack_publicize_message":""},"categories":[514],"tags":[],"jetpack_featured_media_url":"https:\/\/notinor.com\/jujuy\/wp-content\/uploads\/2021\/06\/Radio-Muni-2.jpg","jetpack_publicize_connections":[],"_links":{"self":[{"href":"https:\/\/notinor.com\/jujuy\/wp-json\/wp\/v2\/posts\/302067"}],"collection":[{"href":"https:\/\/notinor.com\/jujuy\/wp-json\/wp\/v2\/posts"}],"about":[{"href":"https:\/\/notinor.com\/jujuy\/wp-json\/wp\/v2\/types\/post"}],"author":[{"embeddable":true,"href":"https:\/\/notinor.com\/jujuy\/wp-json\/wp\/v2\/users\/5"}],"replies":[{"embeddable":true,"href":"https:\/\/notinor.com\/jujuy\/wp-json\/wp\/v2\/comments?post=302067"}],"version-history":[{"count":1,"href":"https:\/\/notinor.com\/jujuy\/wp-json\/wp\/v2\/posts\/302067\/revisions"}],"predecessor-version":[{"id":302072,"href":"https:\/\/notinor.com\/jujuy\/wp-json\/wp\/v2\/posts\/302067\/revisions\/302072"}],"wp:featuredmedia":[{"embeddable":true,"href":"https:\/\/notinor.com\/jujuy\/wp-json\/wp\/v2\/media\/302071"}],"wp:attachment":[{"href":"https:\/\/notinor.com\/jujuy\/wp-json\/wp\/v2\/media?parent=302067"}],"wp:term":[{"taxonomy":"category","embeddable":true,"href":"https:\/\/notinor.com\/jujuy\/wp-json\/wp\/v2\/categories?post=302067"},{"taxonomy":"post_tag","embeddable":true,"href":"https:\/\/notinor.com\/jujuy\/wp-json\/wp\/v2\/tags?post=302067"}],"curies":[{"name":"wp","href":"https:\/\/api.w.org\/{rel}","templated":true}]}}