{"id":302054,"date":"2021-06-18T08:50:36","date_gmt":"2021-06-18T11:50:36","guid":{"rendered":"https:\/\/notinor.com\/jujuy\/?p=302054"},"modified":"2021-06-18T08:50:39","modified_gmt":"2021-06-18T11:50:39","slug":"entrega-de-certificados-del-taller-de-alfabetizacion-digital","status":"publish","type":"post","link":"https:\/\/notinor.com\/jujuy\/entrega-de-certificados-del-taller-de-alfabetizacion-digital\/","title":{"rendered":"Entrega de certificados del Taller de alfabetizaci\u00f3n digital"},"content":{"rendered":"\n<p>Las jornadas\u00a0de alfabetizaci\u00f3n digital estuvieron dedicadas a impartir los conocimientos b\u00e1sicos en computaci\u00f3n y manejo de herramientas digitales para la pr\u00e1ctica educativa, contando con la presencia de m\u00e1s de 60 profesionales de la educaci\u00f3n\u00a0pertenecientes al nivel primario y secundario de la escuela Municipal \u201cMaestra Marina Vilte\u201d, profesores del Centro de Educaci\u00f3n Integrada para J\u00f3venes y Adultos \u201cRen\u00e9 Rufino Salamanca\u201d (CEIJA Municipal) y personal del Centro de Integraci\u00f3n Comunitaria (CIC) \u201cChe Guevara.<\/p>\n\n\n\n<div class=\"wp-block-image\"><figure class=\"aligncenter size-large is-resized\"><img decoding=\"async\" loading=\"lazy\" src=\"https:\/\/notinor.com\/jujuy\/wp-content\/uploads\/2021\/06\/Alfabetizacion-digital-1024x671-1-733x480.jpg\" alt=\"\" class=\"wp-image-302055\" width=\"536\" height=\"351\" srcset=\"https:\/\/notinor.com\/jujuy\/wp-content\/uploads\/2021\/06\/Alfabetizacion-digital-1024x671-1-733x480.jpg 733w, https:\/\/notinor.com\/jujuy\/wp-content\/uploads\/2021\/06\/Alfabetizacion-digital-1024x671-1-557x365.jpg 557w, https:\/\/notinor.com\/jujuy\/wp-content\/uploads\/2021\/06\/Alfabetizacion-digital-1024x671-1-768x503.jpg 768w, https:\/\/notinor.com\/jujuy\/wp-content\/uploads\/2021\/06\/Alfabetizacion-digital-1024x671-1-750x491.jpg 750w, https:\/\/notinor.com\/jujuy\/wp-content\/uploads\/2021\/06\/Alfabetizacion-digital-1024x671-1.jpg 1024w\" sizes=\"(max-width: 536px) 100vw, 536px\" \/><\/figure><\/div>\n\n\n\n<p>Cabe destacar que los talleres estuvieron\u00a0 a cargo de las secretar\u00edas de Desarrollo Humano\u00a0y de Planificaci\u00f3n, Desarrollo y Modernizaci\u00f3n, a trav\u00e9s de la direcci\u00f3n de Modernizaci\u00f3n y la direcci\u00f3n de Capacitaci\u00f3n Intra e Inter Institucional de la Municipalidad de San Salvador de Jujuy.<\/p>\n\n\n\n<p>Al respecto, el director \u00a0de Modernizaci\u00f3n, Ricardo Ort\u00edz, refiri\u00e9ndose al desenvolvimiento de los talleres de capacitaci\u00f3n digital expres\u00f3, \u201ctuvimos una gran concurrencia contando con \u00a060 profesionales educativos provenientes de la escuela Marina Vilte, el CEIJA y personal del CIC \u201cChe Guevara\u201d, organizados \u00a0en diferentes m\u00f3dulos respetando los protocolos de seguridad sanitaria. Para eso se dispuso distintos horarios y d\u00edas de cursada para evitar las aglomeraciones cuid\u00e1ndonos entre todos para que el taller tenga un\u00a0 despliegue seguro para todos los concurrentes\u201d.<\/p>\n\n\n\n<p>Adem\u00e1s, destac\u00f3 el objetivo primordial de la cursada del taller inform\u00e1tico, \u201cque\u00a0fue impartir los conocimientos tecnol\u00f3gicos de computaci\u00f3n en un nivel b\u00e1sico de tal manera que cada docente absorba la informaci\u00f3n precisa para los tiempos de modernidad\u00a0y m\u00e1s a\u00fan en medio de un pandemia que nos llev\u00f3 a digitalizar todos los procesos cotidianos y en donde la escuela fue la m\u00e1s afectada\u201d.Compartir<\/p>\n","protected":false},"excerpt":{"rendered":"<p>Las jornadas\u00a0de alfabetizaci\u00f3n digital estuvieron dedicadas a impartir los conocimientos b\u00e1sicos en computaci\u00f3n y manejo de herramientas digitales para la pr\u00e1ctica educativa, contando con la presencia de m\u00e1s de 60 profesionales de la educaci\u00f3n\u00a0pertenecientes al nivel primario y secundario de la escuela Municipal \u201cMaestra Marina Vilte\u201d, profesores del Centro de Educaci\u00f3n Integrada para J\u00f3venes y [&hellip;]<\/p>\n","protected":false},"author":5,"featured_media":302059,"comment_status":"open","ping_status":"open","sticky":false,"template":"","format":"standard","meta":{"_stopmodifiedupdate":false,"_modified_date":"","inline_featured_image":false,"spay_email":"","jetpack_publicize_message":""},"categories":[13],"tags":[],"jetpack_featured_media_url":"https:\/\/notinor.com\/jujuy\/wp-content\/uploads\/2021\/06\/Alfabetizacion-digital-2.jpg","jetpack_publicize_connections":[],"_links":{"self":[{"href":"https:\/\/notinor.com\/jujuy\/wp-json\/wp\/v2\/posts\/302054"}],"collection":[{"href":"https:\/\/notinor.com\/jujuy\/wp-json\/wp\/v2\/posts"}],"about":[{"href":"https:\/\/notinor.com\/jujuy\/wp-json\/wp\/v2\/types\/post"}],"author":[{"embeddable":true,"href":"https:\/\/notinor.com\/jujuy\/wp-json\/wp\/v2\/users\/5"}],"replies":[{"embeddable":true,"href":"https:\/\/notinor.com\/jujuy\/wp-json\/wp\/v2\/comments?post=302054"}],"version-history":[{"count":1,"href":"https:\/\/notinor.com\/jujuy\/wp-json\/wp\/v2\/posts\/302054\/revisions"}],"predecessor-version":[{"id":302061,"href":"https:\/\/notinor.com\/jujuy\/wp-json\/wp\/v2\/posts\/302054\/revisions\/302061"}],"wp:featuredmedia":[{"embeddable":true,"href":"https:\/\/notinor.com\/jujuy\/wp-json\/wp\/v2\/media\/302059"}],"wp:attachment":[{"href":"https:\/\/notinor.com\/jujuy\/wp-json\/wp\/v2\/media?parent=302054"}],"wp:term":[{"taxonomy":"category","embeddable":true,"href":"https:\/\/notinor.com\/jujuy\/wp-json\/wp\/v2\/categories?post=302054"},{"taxonomy":"post_tag","embeddable":true,"href":"https:\/\/notinor.com\/jujuy\/wp-json\/wp\/v2\/tags?post=302054"}],"curies":[{"name":"wp","href":"https:\/\/api.w.org\/{rel}","templated":true}]}}