{"id":302050,"date":"2021-06-18T08:04:36","date_gmt":"2021-06-18T11:04:36","guid":{"rendered":"https:\/\/notinor.com\/jujuy\/?p=302050"},"modified":"2021-06-18T08:39:41","modified_gmt":"2021-06-18T11:39:41","slug":"angelo-vicente-alberto","status":"publish","type":"post","link":"https:\/\/notinor.com\/jujuy\/angelo-vicente-alberto\/","title":{"rendered":"ANGELO, Vicente Alberto"},"content":{"rendered":"\n<p><strong>Falleci\u00f3 el d\u00eda 16 de junio de 2021, a hs. 20:40. C.A.S.R. y B.P., a la edad de 72 a\u00f1os. Su esposa: Norma Cari; sus hijos: Pablo, Paola, Franco y Fabio; sus hijas pol\u00edticas: Sabrina y Daniela; sus nietas :Morena, Agustina, Lourdes y Delfina; sus hermanos pol\u00edticos: Rolando, Rub\u00e9n, Silvia y dem\u00e1s familiares participan con profundo dolor su fallecimiento y comunican que sus restos fueron inhumados ayer 17 de junio en el cementerio parque El Solar Jujuy. FAE. Ritual de homenaje empresa La Piedad SA. Salta 727. Tel. 0388- 4222487. L\u00ednea gratuita 0800-444- 5274.<\/strong><\/p>\n","protected":false},"excerpt":{"rendered":"<p>Falleci\u00f3 el d\u00eda 16 de junio de 2021, a hs. 20:40. C.A.S.R. y B.P., a la edad de 72 a\u00f1os. Su esposa: Norma Cari; sus hijos: Pablo, Paola, Franco y Fabio; sus hijas pol\u00edticas: Sabrina y Daniela; sus nietas :Morena, Agustina, Lourdes y Delfina; sus hermanos pol\u00edticos: Rolando, Rub\u00e9n, Silvia y dem\u00e1s familiares participan con [&hellip;]<\/p>\n","protected":false},"author":5,"featured_media":129725,"comment_status":"open","ping_status":"open","sticky":false,"template":"","format":"standard","meta":{"_stopmodifiedupdate":false,"_modified_date":"","inline_featured_image":false,"spay_email":"","jetpack_publicize_message":""},"categories":[523],"tags":[],"jetpack_featured_media_url":"https:\/\/notinor.com\/jujuy\/wp-content\/uploads\/2017\/08\/Obituarios2.jpg","jetpack_publicize_connections":[],"_links":{"self":[{"href":"https:\/\/notinor.com\/jujuy\/wp-json\/wp\/v2\/posts\/302050"}],"collection":[{"href":"https:\/\/notinor.com\/jujuy\/wp-json\/wp\/v2\/posts"}],"about":[{"href":"https:\/\/notinor.com\/jujuy\/wp-json\/wp\/v2\/types\/post"}],"author":[{"embeddable":true,"href":"https:\/\/notinor.com\/jujuy\/wp-json\/wp\/v2\/users\/5"}],"replies":[{"embeddable":true,"href":"https:\/\/notinor.com\/jujuy\/wp-json\/wp\/v2\/comments?post=302050"}],"version-history":[{"count":1,"href":"https:\/\/notinor.com\/jujuy\/wp-json\/wp\/v2\/posts\/302050\/revisions"}],"predecessor-version":[{"id":302051,"href":"https:\/\/notinor.com\/jujuy\/wp-json\/wp\/v2\/posts\/302050\/revisions\/302051"}],"wp:featuredmedia":[{"embeddable":true,"href":"https:\/\/notinor.com\/jujuy\/wp-json\/wp\/v2\/media\/129725"}],"wp:attachment":[{"href":"https:\/\/notinor.com\/jujuy\/wp-json\/wp\/v2\/media?parent=302050"}],"wp:term":[{"taxonomy":"category","embeddable":true,"href":"https:\/\/notinor.com\/jujuy\/wp-json\/wp\/v2\/categories?post=302050"},{"taxonomy":"post_tag","embeddable":true,"href":"https:\/\/notinor.com\/jujuy\/wp-json\/wp\/v2\/tags?post=302050"}],"curies":[{"name":"wp","href":"https:\/\/api.w.org\/{rel}","templated":true}]}}