{"id":302041,"date":"2021-06-18T07:50:00","date_gmt":"2021-06-18T10:50:00","guid":{"rendered":"https:\/\/notinor.com\/jujuy\/?p=302041"},"modified":"2021-06-17T23:58:06","modified_gmt":"2021-06-18T02:58:06","slug":"ivan-poncio-veo-a-gerardo-morales-como-presidente-le-sobra-fortaleza-y-capacidad-para-lograrlo","status":"publish","type":"post","link":"https:\/\/notinor.com\/jujuy\/ivan-poncio-veo-a-gerardo-morales-como-presidente-le-sobra-fortaleza-y-capacidad-para-lograrlo\/","title":{"rendered":"Iv\u00e1n Poncio: \"Veo a Gerardo Morales como Presidente, le sobra fortaleza y capacidad para lograrlo\""},"content":{"rendered":"\n<p>El intendente de Fraile Pintado dialog\u00f3 en exclusivo con Notinor, palpit\u00f3 las elecciones legislativas del 27 de junio y se anim\u00f3 a proyectar al Gobernador como Presidente en el 2023. \"Ser\u00eda un orgullo que alguien de nuestra provincia nos represente en ese cargo\".<\/p>\n\n\n\n<figure class=\"wp-block-image size-large\"><img decoding=\"async\" loading=\"lazy\" width=\"640\" height=\"480\" src=\"https:\/\/notinor.com\/jujuy\/wp-content\/uploads\/2021\/06\/ivan-poncio2-640x480.jpeg\" alt=\"\" class=\"wp-image-302042\" srcset=\"https:\/\/notinor.com\/jujuy\/wp-content\/uploads\/2021\/06\/ivan-poncio2-640x480.jpeg 640w, https:\/\/notinor.com\/jujuy\/wp-content\/uploads\/2021\/06\/ivan-poncio2-487x365.jpeg 487w, https:\/\/notinor.com\/jujuy\/wp-content\/uploads\/2021\/06\/ivan-poncio2-768x576.jpeg 768w, https:\/\/notinor.com\/jujuy\/wp-content\/uploads\/2021\/06\/ivan-poncio2-750x563.jpeg 750w, https:\/\/notinor.com\/jujuy\/wp-content\/uploads\/2021\/06\/ivan-poncio2.jpeg 1040w\" sizes=\"(max-width: 640px) 100vw, 640px\" \/><\/figure>\n\n\n\n<p><strong><em>Por: <a href=\"http:\/\/instagram.com\/lucascaballero15\">Lucas Caballero<\/a><\/em><\/strong><\/p>\n\n\n\n<p>Jujuy vive a flor de piel el clima electoral en la previa de las elecciones legislativas 2021, a tan solo 10 d\u00edas de los comicios la provincia respira pol\u00edtica y los funcionarios aguardan con ansias la llegada del acto electoral.<\/p>\n\n\n\n<p>En este contexto, es imposible no vislumbrar en el horizonte las elecciones generales del 2023, m\u00e1s a\u00fan luego de que el actual gobernador de Jujuy, <strong>Gerardo Morales,<\/strong> dej\u00f3 de manifiesto sus deseos de desembarcar en la Casa Rosada luego de culminar su segundo mandato al frente de la provincia.<\/p>\n\n\n\n<p>El mandatario puso especial \u00e9nfasis en su proyecto de <strong>descentralizar al pa\u00eds<\/strong> y aludi\u00f3 en m\u00e1s de una ocasi\u00f3n estar <strong>cansado de presidentes provenientes de la Ciudad Aut\u00f3noma de Buenos Aires<\/strong>. Morales lleva como estandarte la \"transformaci\u00f3n social y productiva de Jujuy\" en estos 6 a\u00f1os de gesti\u00f3n, algo que los funcionarios de Cambia Jujuy revalidan y apoyan de cara al futuro.<\/p>\n\n\n\n<p>Bajo ese marco, el actual <strong>intendente de Fraile Pintado, Iv\u00e1n Poncio, no se mostr\u00f3 ajeno al clima pol\u00edtico y afirm\u00f3: \"Veo a Gerardo Morales como Presidente\"<\/strong>.<\/p>\n\n\n\n<p>El jefe comunal afirm\u00f3 que a Morales <strong>\"le sobra la fortaleza y capacidad pol\u00edtica para llegar a la presidencia\"<\/strong>. \"Yo acompa\u00f1o el proyecto porque creo en sus convicciones, l\u00f3gicamente hay algunas cosas para pulir pero veo que form\u00f3 un equipo provincial de tanta magnitud que le permite tomarse la potestad de querer apostar a algo de mayor ambici\u00f3n pol\u00edtica\".<\/p>\n\n\n\n<p>M\u00e1s en profundidad, el Intendente expres\u00f3: \"<strong>No lo digo como partidario sino como juje\u00f1o<\/strong> <strong>porque ser\u00eda un orgullo que una persona de nuestra provincia que nos represent\u00f3 tan bien en estos a\u00f1os pueda luchar por ese cargo\"<\/strong>, ponder\u00f3 Poncio y agreg\u00f3 que \u00e9l conoce de cerca los proyectos que Morales pretende instaurar a nivel nacional, \"son muy buenos\". \"Seguramente encontrar\u00e1 piedras en el trayecto pero estoy convencido de su fortaleza para encarar ese camino\".<\/p>\n\n\n\n<p>En cuanto a la mayor arma del actual Gobernador para aspirar a la presidencia, el intendente del interior juje\u00f1o destac\u00f3 el fuerte trabajo en <strong>descentralizar el poder:<\/strong> <strong>\"Creo que esta idea es su caballo de batalla. Es algo que reclama la gente al margen de la clase pol\u00edtica que tal vez no est\u00e1 tan de acuerdo; nosotros lo vivimos en Jujuy, aunque la diferencia es que aqu\u00ed las distancias son m\u00e1s cortas y  siempre te abren las puertas\"<\/strong>, concluy\u00f3 sobre este apartado.<\/p>\n\n\n\n<p>Dentro de la tarea de descentralizar la provincia, el Gobierno de Jujuy anunci\u00f3 la <strong>construcci\u00f3n de una moderna unidad carcelaria en la localidad de Chalic\u00e1n<\/strong>, dependiente del Municipio de Fraile Pintado. \"La obra tiene una magnitud exorbitante, son 22 hect\u00e1reas para una c\u00e1rcel de \u00faltima tecnolog\u00eda que cumple con todo lo que reclaman las entidades de derechos humanos\", se refiri\u00f3 Poncio al respecto.<\/p>\n\n\n\n<p>\"Pone en el tapete provincial a nuestra jurisdicci\u00f3n porque no solo genera puestos de trabajo con la construcci\u00f3n sino que potencia a la regi\u00f3n. Estoy orgulloso por este proyecto que ya ven\u00edamos hablando hace un tiempo con el Gobernador\", destac\u00f3.<\/p>\n\n\n\n<p><strong>En esa l\u00ednea el Intendente ponder\u00f3 la distribuci\u00f3n de la coparticipaci\u00f3n provincial. <\/strong>\"Hubo buen criterio y se atendi\u00f3 de gran manera al interior. Yo hablo desde el Ramal y no tenemos malos intendentes, desde ah\u00ed y con una buena repartici\u00f3n de los recursos y gesti\u00f3n local podemos atender las necesidades de la gente\".<\/p>\n\n\n\n<p>En cuanto a otras obras que se vienen desarrollando en Fraile Pintado, el jefe comunal indic\u00f3 que retomaron la agenda planificada antes de la pandemia: \"Retomamos la obra p\u00fablica que es una deuda pendiente en el Ramal. Hoy estamos con m\u00e1s de 2 kil\u00f3metros de pavimentaci\u00f3n y obras de cloacas en barrios hist\u00f3ricos, solo nos quedan dos sectores para tener a todo Fraile Pintado con cloacas; adem\u00e1s seguimos con tareas de iluminaci\u00f3n\".<\/p>\n\n\n\n<p>Por \u00faltimo, Poncio palpit\u00f3 el clima electoral que se vive en la previa de los comicios de este 27 de junio: <strong>\"Son de las m\u00e1s importantes porque se juega la continuidad de un proyecto pol\u00edtico. Independientemente de la ideolog\u00eda pol\u00edtica de cada uno no se puede negar que Jujuy fue colocado en el ojo del mundo, eso tiene un gran trabajo de equipo en el fondo\".<\/strong><\/p>\n\n\n\n<p>\"Hoy el Gobernador trabaja codo a codo con sus ministros, los intendentes, comisionados, concejales y vocales. Todo esto se refleja en los resultados. En esta contienda electoral veremos si los juje\u00f1os elegimos acompa\u00f1ar este proyecto, que l\u00f3gicamente tiene cosas por mejorar pero que le dio un gran cambio social y productivo a la provincia\", expres\u00f3.<\/p>\n\n\n\n<p>En cuanto a las expectativas de cara a las urnas, el Intendente afirm\u00f3 que \"son muy buenas, tanto a nivel local como provincial\". \"Nosotros proponemos concejales de calidad, con gran trayectoria dentro de Fraile Pintado.<strong> Es gente preparada que estuvo a la par de la gente a lo largo de la pandemia; mientras otros apretaban teclas nosotros toc\u00e1bamos puertas para atender las necesidades\".<\/strong><\/p>\n\n\n\n<p>\"A nivel provincial reflejamos lo mismo, no podemos discutir que el doctor Guti\u00e9rrez estuvo al lado de la gente durante la pandemia. Puso el pecho ante un problema que atac\u00f3 al mundo\", indic\u00f3 en referencia al primer candidato del Frente Cambia Jujuy.<\/p>\n\n\n\n<p>\"La lista est\u00e1 muy bien equilibrada, tiene a Omar Guti\u00e9rrez que es m\u00e9dico y conoce las necesidades de la gente; luego a la diputada nacional Gabriela Burgos que viene de representarnos en el Congreso de la Naci\u00f3n, Alberto Bernis que es una eminencia para la pol\u00edtica en toda la Legislatura sin importar el partido pol\u00edtico, y Gisel Bravo que es una joven pujante de nuestro Ramal con un gran desarrollo dentro de San Pedro\", ratific\u00f3 sobre los principales nombres de la lista.<\/p>\n\n\n\n<p>Para concluir, Poncio reflexion\u00f3 que \"la oferta electoral es excelente y habr\u00e1 que respaldarla el d\u00eda domingo\".<\/p>\n","protected":false},"excerpt":{"rendered":"<p>El intendente de Fraile Pintado dialog\u00f3 en exclusivo con Notinor, palpit\u00f3 las elecciones legislativas del 27 de junio y se anim\u00f3 a proyectar al Gobernador como Presidente en el 2023. \"Ser\u00eda un orgullo que alguien de nuestra provincia nos represente en ese cargo\". Por: Lucas Caballero Jujuy vive a flor de piel el clima electoral [&hellip;]<\/p>\n","protected":false},"author":1,"featured_media":302042,"comment_status":"open","ping_status":"open","sticky":false,"template":"","format":"standard","meta":{"_stopmodifiedupdate":false,"_modified_date":"","inline_featured_image":false,"spay_email":"","jetpack_publicize_message":""},"categories":[501],"tags":[],"jetpack_featured_media_url":"https:\/\/notinor.com\/jujuy\/wp-content\/uploads\/2021\/06\/ivan-poncio2.jpeg","jetpack_publicize_connections":[],"_links":{"self":[{"href":"https:\/\/notinor.com\/jujuy\/wp-json\/wp\/v2\/posts\/302041"}],"collection":[{"href":"https:\/\/notinor.com\/jujuy\/wp-json\/wp\/v2\/posts"}],"about":[{"href":"https:\/\/notinor.com\/jujuy\/wp-json\/wp\/v2\/types\/post"}],"author":[{"embeddable":true,"href":"https:\/\/notinor.com\/jujuy\/wp-json\/wp\/v2\/users\/1"}],"replies":[{"embeddable":true,"href":"https:\/\/notinor.com\/jujuy\/wp-json\/wp\/v2\/comments?post=302041"}],"version-history":[{"count":7,"href":"https:\/\/notinor.com\/jujuy\/wp-json\/wp\/v2\/posts\/302041\/revisions"}],"predecessor-version":[{"id":302049,"href":"https:\/\/notinor.com\/jujuy\/wp-json\/wp\/v2\/posts\/302041\/revisions\/302049"}],"wp:featuredmedia":[{"embeddable":true,"href":"https:\/\/notinor.com\/jujuy\/wp-json\/wp\/v2\/media\/302042"}],"wp:attachment":[{"href":"https:\/\/notinor.com\/jujuy\/wp-json\/wp\/v2\/media?parent=302041"}],"wp:term":[{"taxonomy":"category","embeddable":true,"href":"https:\/\/notinor.com\/jujuy\/wp-json\/wp\/v2\/categories?post=302041"},{"taxonomy":"post_tag","embeddable":true,"href":"https:\/\/notinor.com\/jujuy\/wp-json\/wp\/v2\/tags?post=302041"}],"curies":[{"name":"wp","href":"https:\/\/api.w.org\/{rel}","templated":true}]}}