{"id":302038,"date":"2021-06-17T21:33:19","date_gmt":"2021-06-18T00:33:19","guid":{"rendered":"https:\/\/notinor.com\/jujuy\/?p=302038"},"modified":"2021-06-17T21:33:27","modified_gmt":"2021-06-18T00:33:27","slug":"confirmaron-4-muertes-por-coronavirus-y-239-nuevos-contagios-en-jujuy","status":"publish","type":"post","link":"https:\/\/notinor.com\/jujuy\/confirmaron-4-muertes-por-coronavirus-y-239-nuevos-contagios-en-jujuy\/","title":{"rendered":"Confirmaron 4 muertes por coronavirus y 239 nuevos contagios en Jujuy"},"content":{"rendered":"\n<p>Las v\u00edctimas fatales son 3 mujeres y 4 hombres. La provincia acumula 32.621 casos desde el inicio de la pandemia. <\/p>\n\n\n\n<figure class=\"wp-block-image size-large\"><img decoding=\"async\" loading=\"lazy\" width=\"840\" height=\"456\" src=\"https:\/\/notinor.com\/jujuy\/wp-content\/uploads\/2021\/04\/coronavirus-covid-operativo-e1618868853492-840x456.jpeg\" alt=\"\" class=\"wp-image-295017\" srcset=\"https:\/\/notinor.com\/jujuy\/wp-content\/uploads\/2021\/04\/coronavirus-covid-operativo-e1618868853492-840x456.jpeg 840w, https:\/\/notinor.com\/jujuy\/wp-content\/uploads\/2021\/04\/coronavirus-covid-operativo-e1618868853492-660x358.jpeg 660w, https:\/\/notinor.com\/jujuy\/wp-content\/uploads\/2021\/04\/coronavirus-covid-operativo-e1618868853492-768x417.jpeg 768w, https:\/\/notinor.com\/jujuy\/wp-content\/uploads\/2021\/04\/coronavirus-covid-operativo-e1618868853492-750x407.jpeg 750w, https:\/\/notinor.com\/jujuy\/wp-content\/uploads\/2021\/04\/coronavirus-covid-operativo-e1618868853492.jpeg 1016w\" sizes=\"(max-width: 840px) 100vw, 840px\" \/><\/figure>\n\n\n\n<p>Desde la Subdirecci\u00f3n de Epidemiolog\u00eda informaron en su reporte diario que <strong>hoy se confirmaron 239 nuevos casos de COVID-19 y 4 fallecimientos en Jujuy, adem\u00e1s recibieron el alta m\u00e9dica 330 pacientes.<\/strong><\/p>\n\n\n\n<p><strong>Detalle de casos positivos seg\u00fan localidad:<\/strong><\/p>\n\n\n\n<p>SAN SALVADOR DE JUJUY 89<br>PALPAL\u00c1 28<br>SAN PEDRO 22<br>PERICO 18<br>LA QUIACA 10<br>LIBERTADOR GENERAL SAN MART\u00cdN 10<br>TILCARA 9<br>CALILEGUA 8<br>FRAILE PINTADO 6<br>EL CARMEN 6<br>VOLC\u00c1N 4<br>PAMPA BLANCA 3<br>MONTERRICO 3<br>SANTA CLARA 2<br>SAN ANTONIO 2<br>MAIMAR\u00c1 2<br>LA ALMONA 2<br>JUELLA 2<br>HUACALERA 2<br>YUTO 1<br>YALA 1<br>VALLE GRANDE 1<br>TUMBAYA 1<br>LA MENDIETA 1<br>HUMAHUACA 1<br>GUERRERO 1<br>EL TALAR 1<br>CIENEGUILLAS 1<br>CAIMANCITO 1<br>LA INTERMEDIA 1<\/p>\n\n\n\n<p><strong>Se notificaron 4 fallecimientos por Covid-19<\/strong>: un hombre y tres mujeres entre 44 y 83 a\u00f1os de edad. Cabe aclarar que los fallecimientos reportados, son informados por el Registro Civil de la Provincia de Jujuy y corresponden a d\u00edas anteriores.<\/p>\n\n\n\n<p><strong>Estado de situaci\u00f3n desde el inicio de la pandemia:<\/strong><\/p>\n\n\n\n<p>Hasta el momento se realizaron 122.756 tests en toda la Provincia, arrojando un total de 32.621 casos positivos. Se recuperaron de la enfermedad 26.196. Fallecieron 1.167 personas.<\/p>\n\n\n\n<h4 class=\"has-text-align-center\"><strong><em>Ante el m\u00ednimo s\u00edntoma que tengas, qu\u00e9date en casa y consult\u00e1 con tu m\u00e9dico de cabecera o pod\u00e9s llamar al 0800-888-4767 las 24 horas o al 388 -4310494 (COE) de 08.00 a 20.00 hs.<\/em><\/strong><\/h4>\n","protected":false},"excerpt":{"rendered":"<p>Las v\u00edctimas fatales son 3 mujeres y 4 hombres. La provincia acumula 32.621 casos desde el inicio de la pandemia. Desde la Subdirecci\u00f3n de Epidemiolog\u00eda informaron en su reporte diario que hoy se confirmaron 239 nuevos casos de COVID-19 y 4 fallecimientos en Jujuy, adem\u00e1s recibieron el alta m\u00e9dica 330 pacientes. Detalle de casos positivos [&hellip;]<\/p>\n","protected":false},"author":1,"featured_media":295017,"comment_status":"open","ping_status":"open","sticky":false,"template":"","format":"standard","meta":{"_stopmodifiedupdate":false,"_modified_date":"","inline_featured_image":false,"spay_email":"","jetpack_publicize_message":""},"categories":[2],"tags":[],"jetpack_featured_media_url":"https:\/\/notinor.com\/jujuy\/wp-content\/uploads\/2021\/04\/coronavirus-covid-operativo-e1618868853492.jpeg","jetpack_publicize_connections":[],"_links":{"self":[{"href":"https:\/\/notinor.com\/jujuy\/wp-json\/wp\/v2\/posts\/302038"}],"collection":[{"href":"https:\/\/notinor.com\/jujuy\/wp-json\/wp\/v2\/posts"}],"about":[{"href":"https:\/\/notinor.com\/jujuy\/wp-json\/wp\/v2\/types\/post"}],"author":[{"embeddable":true,"href":"https:\/\/notinor.com\/jujuy\/wp-json\/wp\/v2\/users\/1"}],"replies":[{"embeddable":true,"href":"https:\/\/notinor.com\/jujuy\/wp-json\/wp\/v2\/comments?post=302038"}],"version-history":[{"count":2,"href":"https:\/\/notinor.com\/jujuy\/wp-json\/wp\/v2\/posts\/302038\/revisions"}],"predecessor-version":[{"id":302040,"href":"https:\/\/notinor.com\/jujuy\/wp-json\/wp\/v2\/posts\/302038\/revisions\/302040"}],"wp:featuredmedia":[{"embeddable":true,"href":"https:\/\/notinor.com\/jujuy\/wp-json\/wp\/v2\/media\/295017"}],"wp:attachment":[{"href":"https:\/\/notinor.com\/jujuy\/wp-json\/wp\/v2\/media?parent=302038"}],"wp:term":[{"taxonomy":"category","embeddable":true,"href":"https:\/\/notinor.com\/jujuy\/wp-json\/wp\/v2\/categories?post=302038"},{"taxonomy":"post_tag","embeddable":true,"href":"https:\/\/notinor.com\/jujuy\/wp-json\/wp\/v2\/tags?post=302038"}],"curies":[{"name":"wp","href":"https:\/\/api.w.org\/{rel}","templated":true}]}}