{"id":302035,"date":"2021-06-17T19:48:58","date_gmt":"2021-06-17T22:48:58","guid":{"rendered":"https:\/\/notinor.com\/jujuy\/?p=302035"},"modified":"2021-06-17T19:49:31","modified_gmt":"2021-06-17T22:49:31","slug":"morales-juntos-por-el-cambio-se-esta-convirtiendo-en-una-novela-del-pro","status":"publish","type":"post","link":"https:\/\/notinor.com\/jujuy\/morales-juntos-por-el-cambio-se-esta-convirtiendo-en-una-novela-del-pro\/","title":{"rendered":"Morales: \"Juntos por el Cambio se est\u00e1 convirtiendo en una novela del PRO\""},"content":{"rendered":"\n<p>El Gobernador se refiri\u00f3 a las elecciones legislativas bonaerenses y advirti\u00f3 que el radicalismo competir\u00e1 directamente contra del PRO.<\/p>\n\n\n\n<figure class=\"wp-block-image size-large\"><img decoding=\"async\" loading=\"lazy\" width=\"720\" height=\"480\" src=\"https:\/\/notinor.com\/jujuy\/wp-content\/uploads\/2021\/05\/moraless-720x480.jpg\" alt=\"\" class=\"wp-image-297906\" srcset=\"https:\/\/notinor.com\/jujuy\/wp-content\/uploads\/2021\/05\/moraless-720x480.jpg 720w, https:\/\/notinor.com\/jujuy\/wp-content\/uploads\/2021\/05\/moraless-548x365.jpg 548w, https:\/\/notinor.com\/jujuy\/wp-content\/uploads\/2021\/05\/moraless-768x512.jpg 768w, https:\/\/notinor.com\/jujuy\/wp-content\/uploads\/2021\/05\/moraless-750x500.jpg 750w, https:\/\/notinor.com\/jujuy\/wp-content\/uploads\/2021\/05\/moraless.jpg 960w\" sizes=\"(max-width: 720px) 100vw, 720px\" \/><\/figure>\n\n\n\n<p>El gobernador de Jujuy,<strong> Gerardo Morales<\/strong>, se mostr\u00f3 molesto por el tono de la disputa en el armado de listas de Juntos por el Cambio de cara a las elecciones legislativas de 2021, a la que defini\u00f3 como \u201cuna telenovela del PRO\u201d a ra\u00edz de las diferencias entre los liderazgos en pugna al interior del partido fundado por el ex presidente Mauricio Macri.<\/p>\n\n\n\n<p><strong>\u201cJuntos por el Cambio se est\u00e1 convirtiendo en una telenovela del PRO, un te quiero y no te quiero\u201d<\/strong>, sostuvo hoy el mandatario norte\u00f1o.<\/p>\n\n\n\n<p>Las negociaciones en el frente opositor por lugares en las listas de precandidaturas transita semanas de tensi\u00f3n.&nbsp;<strong>La fecha de cierre est\u00e1 fijada en el 24 de julio<\/strong>. Como en cada a\u00f1o electoral, ese d\u00eda se presentar\u00e1n los borradores donde figurar\u00e1n las n\u00f3minas para presentar ante la C\u00e1mara Electoral.<\/p>\n\n\n\n<p>En ese marco,&nbsp;<strong>en Juntos por el Cambio ya hablan a viva voz sobre las aspiraciones personales de cada uno&nbsp;<\/strong>para integrar las boletas en el cuarto oscuro. Una de las discusiones m\u00e1s intensas est\u00e1 en la provincia de Buenos Aires, donde el PRO al menos cuenta con dos precandidatos: el vicejefe de Gobierno porte\u00f1o&nbsp;<strong>Diego Santilli<\/strong>, un funcionario del ri\u00f1\u00f3n pol\u00edtico de Horacio Rodr\u00edguez Larreta, mientras que Mauricio Macri apoya la candidatura de su primo, el intendente de Vicente L\u00f3pez,&nbsp;<strong>Jorge Macri<\/strong>.<\/p>\n\n\n\n<p><strong>\u201cEsperamos que el PRO pueda ordenarse y ponerse de acuerdo\u201d<\/strong>, sostuvo este jueves el gobernador juje\u00f1o en di\u00e1logo con CNN Radio.<\/p>\n\n\n\n<p>En ese marco, <strong>ayer la UCR convoc\u00f3 a una actividad en la que formaliz\u00f3 la propuesta para que el neurocient\u00edfico Facundo Manes sea el candidato del partido en la provincia de Buenos Aires y anticip\u00f3 que el radicalismo \u201ccompetir\u00e1 con el PRO en las PASO\u201d bonaerenses.<\/strong><\/p>\n\n\n\n<p>\u201cManes es un radical de siempre, desde la \u00e9poca de Alfons\u00edn\u201d, destac\u00f3 Gerardo Morales al ser consultado por el perfil pol\u00edtico del profesional. \u201c<strong>Manes est\u00e1 decidido. Tiene ideas de pa\u00eds y para la provincia de Buenos Aires<\/strong>\u201d, asegur\u00f3 con expectativa el referente juje\u00f1o.<\/p>\n\n\n\n<p>Respecto a la posible incorporaci\u00f3n de Manes en la puja interna de Juntos por el Cambio, el presidente del radicalismo, el diputado mendocino&nbsp;<strong>Alfredo Cornejo,&nbsp;<\/strong>defini\u00f3: \u201c<strong>Vamos a tener un per\u00edodo de tiempo para que \u00e9l tome su decisi\u00f3n<\/strong>\u201d.<\/p>\n\n\n\n<p>\u201cTenemos pensamientos diferentes con Cornejo pero estamos trabajando juntos\u201d, manifest\u00f3 Gerardo Morales, que plante\u00f3 que \u201cla pelea por el liderazgo termina vaciando la pol\u00edtica\u201d.<\/p>\n","protected":false},"excerpt":{"rendered":"<p>El Gobernador se refiri\u00f3 a las elecciones legislativas bonaerenses y advirti\u00f3 que el radicalismo competir\u00e1 directamente contra del PRO. El gobernador de Jujuy, Gerardo Morales, se mostr\u00f3 molesto por el tono de la disputa en el armado de listas de Juntos por el Cambio de cara a las elecciones legislativas de 2021, a la que [&hellip;]<\/p>\n","protected":false},"author":1,"featured_media":297906,"comment_status":"open","ping_status":"open","sticky":false,"template":"","format":"standard","meta":{"_stopmodifiedupdate":false,"_modified_date":"","inline_featured_image":false,"spay_email":"","jetpack_publicize_message":""},"categories":[2,501],"tags":[],"jetpack_featured_media_url":"https:\/\/notinor.com\/jujuy\/wp-content\/uploads\/2021\/05\/moraless.jpg","jetpack_publicize_connections":[],"_links":{"self":[{"href":"https:\/\/notinor.com\/jujuy\/wp-json\/wp\/v2\/posts\/302035"}],"collection":[{"href":"https:\/\/notinor.com\/jujuy\/wp-json\/wp\/v2\/posts"}],"about":[{"href":"https:\/\/notinor.com\/jujuy\/wp-json\/wp\/v2\/types\/post"}],"author":[{"embeddable":true,"href":"https:\/\/notinor.com\/jujuy\/wp-json\/wp\/v2\/users\/1"}],"replies":[{"embeddable":true,"href":"https:\/\/notinor.com\/jujuy\/wp-json\/wp\/v2\/comments?post=302035"}],"version-history":[{"count":2,"href":"https:\/\/notinor.com\/jujuy\/wp-json\/wp\/v2\/posts\/302035\/revisions"}],"predecessor-version":[{"id":302037,"href":"https:\/\/notinor.com\/jujuy\/wp-json\/wp\/v2\/posts\/302035\/revisions\/302037"}],"wp:featuredmedia":[{"embeddable":true,"href":"https:\/\/notinor.com\/jujuy\/wp-json\/wp\/v2\/media\/297906"}],"wp:attachment":[{"href":"https:\/\/notinor.com\/jujuy\/wp-json\/wp\/v2\/media?parent=302035"}],"wp:term":[{"taxonomy":"category","embeddable":true,"href":"https:\/\/notinor.com\/jujuy\/wp-json\/wp\/v2\/categories?post=302035"},{"taxonomy":"post_tag","embeddable":true,"href":"https:\/\/notinor.com\/jujuy\/wp-json\/wp\/v2\/tags?post=302035"}],"curies":[{"name":"wp","href":"https:\/\/api.w.org\/{rel}","templated":true}]}}