{"id":302032,"date":"2021-06-17T19:33:46","date_gmt":"2021-06-17T22:33:46","guid":{"rendered":"https:\/\/notinor.com\/jujuy\/?p=302032"},"modified":"2021-06-17T19:33:51","modified_gmt":"2021-06-17T22:33:51","slug":"una-camioneta-de-la-policia-sufrio-un-accidente-vial-y-derribo-dos-postes-de-luz","status":"publish","type":"post","link":"https:\/\/notinor.com\/jujuy\/una-camioneta-de-la-policia-sufrio-un-accidente-vial-y-derribo-dos-postes-de-luz\/","title":{"rendered":"Una camioneta de la Polic\u00eda sufri\u00f3 un accidente vial y derrib\u00f3 dos postes de luz"},"content":{"rendered":"\n<p>Ocurri\u00f3 esta tarde en la Ruta Nacional N\u00b09 a la altura de la localidad de San Pablo de Reyes, el veh\u00edculo era conducido por un mec\u00e1nico.<\/p>\n\n\n\n<figure class=\"wp-block-image size-large\"><img decoding=\"async\" loading=\"lazy\" width=\"840\" height=\"473\" src=\"https:\/\/notinor.com\/jujuy\/wp-content\/uploads\/2021\/06\/Accidente-movil-policial-1-840x473.png\" alt=\"\" class=\"wp-image-302033\" srcset=\"https:\/\/notinor.com\/jujuy\/wp-content\/uploads\/2021\/06\/Accidente-movil-policial-1-840x473.png 840w, https:\/\/notinor.com\/jujuy\/wp-content\/uploads\/2021\/06\/Accidente-movil-policial-1-649x365.png 649w, https:\/\/notinor.com\/jujuy\/wp-content\/uploads\/2021\/06\/Accidente-movil-policial-1-768x432.png 768w, https:\/\/notinor.com\/jujuy\/wp-content\/uploads\/2021\/06\/Accidente-movil-policial-1-750x422.png 750w, https:\/\/notinor.com\/jujuy\/wp-content\/uploads\/2021\/06\/Accidente-movil-policial-1-1140x641.png 1140w, https:\/\/notinor.com\/jujuy\/wp-content\/uploads\/2021\/06\/Accidente-movil-policial-1.png 1200w\" sizes=\"(max-width: 840px) 100vw, 840px\" \/><figcaption>Foto: Somos Jujuy<\/figcaption><\/figure>\n\n\n\n<p>Una camioneta de la Polic\u00eda de la Provincia de Jujuy se vio envuelta en un incidente vial este jueves en horas de la tarde. El siniestro se produjo sobre la Ruta Nacional N\u00b09, a la altura de San Pablo de Reyes y afortunadamente solo dej\u00f3 da\u00f1os materiales.<\/p>\n\n\n\n<p>El particular episodio ocurri\u00f3 minutos antes de las 17 horas. Anteriormente los efectivos policiales, quienes no conduc\u00edan el rodado al momento del incidente, hab\u00edan dejado la camioneta en una rectificadora del barrio Coronel Arias para su reparaci\u00f3n y puesta a punto.<\/p>\n\n\n\n<p>Uno de los empleados de la propia rectificadora se dispuso a probar el veh\u00edculo y sali\u00f3 de lugar conduciendo la camioneta. Bajo esas circunstancias, el conductor habr\u00eda perdido el control del rodado a la altura de San Pablo de Reyes, impact\u00f3 contra el guardarrail y derrumb\u00f3 dos postes de alumbrado p\u00fablico antes de quedar detenida en el sentido contrario de circulaci\u00f3n.<\/p>\n\n\n\n<p>Quienes avistaron el accidente dieron aviso inmediato a las fuerzas de seguridad y al personal del SAME, que se hizo presente en el lugar y atendi\u00f3 al hombre. Afortunadamente no se lamentaron v\u00edctimas y el conductor fue trasladado al hospital Pablo Soria de la capital juje\u00f1a.<\/p>\n","protected":false},"excerpt":{"rendered":"<p>Ocurri\u00f3 esta tarde en la Ruta Nacional N\u00b09 a la altura de la localidad de San Pablo de Reyes, el veh\u00edculo era conducido por un mec\u00e1nico. Una camioneta de la Polic\u00eda de la Provincia de Jujuy se vio envuelta en un incidente vial este jueves en horas de la tarde. El siniestro se produjo sobre [&hellip;]<\/p>\n","protected":false},"author":1,"featured_media":302033,"comment_status":"open","ping_status":"open","sticky":false,"template":"","format":"standard","meta":{"_stopmodifiedupdate":false,"_modified_date":"","inline_featured_image":false,"spay_email":"","jetpack_publicize_message":""},"categories":[2],"tags":[],"jetpack_featured_media_url":"https:\/\/notinor.com\/jujuy\/wp-content\/uploads\/2021\/06\/Accidente-movil-policial-1.png","jetpack_publicize_connections":[],"_links":{"self":[{"href":"https:\/\/notinor.com\/jujuy\/wp-json\/wp\/v2\/posts\/302032"}],"collection":[{"href":"https:\/\/notinor.com\/jujuy\/wp-json\/wp\/v2\/posts"}],"about":[{"href":"https:\/\/notinor.com\/jujuy\/wp-json\/wp\/v2\/types\/post"}],"author":[{"embeddable":true,"href":"https:\/\/notinor.com\/jujuy\/wp-json\/wp\/v2\/users\/1"}],"replies":[{"embeddable":true,"href":"https:\/\/notinor.com\/jujuy\/wp-json\/wp\/v2\/comments?post=302032"}],"version-history":[{"count":1,"href":"https:\/\/notinor.com\/jujuy\/wp-json\/wp\/v2\/posts\/302032\/revisions"}],"predecessor-version":[{"id":302034,"href":"https:\/\/notinor.com\/jujuy\/wp-json\/wp\/v2\/posts\/302032\/revisions\/302034"}],"wp:featuredmedia":[{"embeddable":true,"href":"https:\/\/notinor.com\/jujuy\/wp-json\/wp\/v2\/media\/302033"}],"wp:attachment":[{"href":"https:\/\/notinor.com\/jujuy\/wp-json\/wp\/v2\/media?parent=302032"}],"wp:term":[{"taxonomy":"category","embeddable":true,"href":"https:\/\/notinor.com\/jujuy\/wp-json\/wp\/v2\/categories?post=302032"},{"taxonomy":"post_tag","embeddable":true,"href":"https:\/\/notinor.com\/jujuy\/wp-json\/wp\/v2\/tags?post=302032"}],"curies":[{"name":"wp","href":"https:\/\/api.w.org\/{rel}","templated":true}]}}