{"id":301941,"date":"2021-06-17T08:28:19","date_gmt":"2021-06-17T11:28:19","guid":{"rendered":"https:\/\/notinor.com\/jujuy\/?p=301941"},"modified":"2021-06-17T09:30:51","modified_gmt":"2021-06-17T12:30:51","slug":"reinero-villagra-genaro","status":"publish","type":"post","link":"https:\/\/notinor.com\/jujuy\/reinero-villagra-genaro\/","title":{"rendered":"REINERO VILLAGRA, Genaro"},"content":{"rendered":"\n<p><strong>Falleci\u00f3 el d\u00eda 16 de junio de 2021, a hs. 13:00. C.A.S.R. y B.P., a la edad de 71 a\u00f1os. Su esposa: Esther Ponce; sus hijos: Silvia, Gisela, Gerardo y Guillermo Villagra; sus sobrinos; sus nietos y dem\u00e1s familiares comunican que sus restos mortales ser\u00e1n inhumados hoy 17 de junio  a hs. 15:00 en el cementerio parque Jard\u00edn del Castillo. Casa de duelo velatorio Independencia, Independencia 1037. Servicio Previsi\u00f3n Social SRL. Av. H. Yrigoyen 1250. Tel 0388 4224305 S.S. de Jujuy....<\/strong><\/p>\n","protected":false},"excerpt":{"rendered":"<p>Falleci\u00f3 el d\u00eda 16 de junio de 2021, a hs. 13:00. C.A.S.R. y B.P., a la edad de 71 a\u00f1os. Su esposa: Esther Ponce; sus hijos: Silvia, Gisela, Gerardo y Guillermo Villagra; sus sobrinos; sus nietos y dem\u00e1s familiares comunican que sus restos mortales ser\u00e1n inhumados hoy 17 de junio a hs. 15:00 en el [&hellip;]<\/p>\n","protected":false},"author":5,"featured_media":129725,"comment_status":"open","ping_status":"open","sticky":false,"template":"","format":"standard","meta":{"_stopmodifiedupdate":false,"_modified_date":"","inline_featured_image":false,"spay_email":"","jetpack_publicize_message":""},"categories":[523],"tags":[],"jetpack_featured_media_url":"https:\/\/notinor.com\/jujuy\/wp-content\/uploads\/2017\/08\/Obituarios2.jpg","jetpack_publicize_connections":[],"_links":{"self":[{"href":"https:\/\/notinor.com\/jujuy\/wp-json\/wp\/v2\/posts\/301941"}],"collection":[{"href":"https:\/\/notinor.com\/jujuy\/wp-json\/wp\/v2\/posts"}],"about":[{"href":"https:\/\/notinor.com\/jujuy\/wp-json\/wp\/v2\/types\/post"}],"author":[{"embeddable":true,"href":"https:\/\/notinor.com\/jujuy\/wp-json\/wp\/v2\/users\/5"}],"replies":[{"embeddable":true,"href":"https:\/\/notinor.com\/jujuy\/wp-json\/wp\/v2\/comments?post=301941"}],"version-history":[{"count":1,"href":"https:\/\/notinor.com\/jujuy\/wp-json\/wp\/v2\/posts\/301941\/revisions"}],"predecessor-version":[{"id":301943,"href":"https:\/\/notinor.com\/jujuy\/wp-json\/wp\/v2\/posts\/301941\/revisions\/301943"}],"wp:featuredmedia":[{"embeddable":true,"href":"https:\/\/notinor.com\/jujuy\/wp-json\/wp\/v2\/media\/129725"}],"wp:attachment":[{"href":"https:\/\/notinor.com\/jujuy\/wp-json\/wp\/v2\/media?parent=301941"}],"wp:term":[{"taxonomy":"category","embeddable":true,"href":"https:\/\/notinor.com\/jujuy\/wp-json\/wp\/v2\/categories?post=301941"},{"taxonomy":"post_tag","embeddable":true,"href":"https:\/\/notinor.com\/jujuy\/wp-json\/wp\/v2\/tags?post=301941"}],"curies":[{"name":"wp","href":"https:\/\/api.w.org\/{rel}","templated":true}]}}