{"id":301931,"date":"2021-06-17T09:20:18","date_gmt":"2021-06-17T12:20:18","guid":{"rendered":"https:\/\/notinor.com\/jujuy\/?p=301931"},"modified":"2021-06-17T09:20:23","modified_gmt":"2021-06-17T12:20:23","slug":"elecciones-y-covid-las-personas-aisladas-a-partir-de-hoy-estaran-exentas-de-ir-a-votar","status":"publish","type":"post","link":"https:\/\/notinor.com\/jujuy\/elecciones-y-covid-las-personas-aisladas-a-partir-de-hoy-estaran-exentas-de-ir-a-votar\/","title":{"rendered":"Elecciones y covid: las personas aisladas a partir de hoy estar\u00e1n exentas de ir a votar"},"content":{"rendered":"\n<p>As\u00ed lo anunciaron desde el Gobierno ya que el aislamiento m\u00ednimo en casos de coronavirus y contactos estrechos es de 10 d\u00edas. Podr\u00e1n denunciar penalmente a quienes incumplan la medida.<\/p>\n\n\n\n<figure class=\"wp-block-image size-large\"><img decoding=\"async\" loading=\"lazy\" width=\"840\" height=\"451\" src=\"https:\/\/notinor.com\/jujuy\/wp-content\/uploads\/2021\/05\/ELECCIONES-Jujuy-e1622818632130-840x451.jpg\" alt=\"\" class=\"wp-image-296625\" srcset=\"https:\/\/notinor.com\/jujuy\/wp-content\/uploads\/2021\/05\/ELECCIONES-Jujuy-e1622818632130-840x451.jpg 840w, https:\/\/notinor.com\/jujuy\/wp-content\/uploads\/2021\/05\/ELECCIONES-Jujuy-e1622818632130-660x355.jpg 660w, https:\/\/notinor.com\/jujuy\/wp-content\/uploads\/2021\/05\/ELECCIONES-Jujuy-e1622818632130-768x413.jpg 768w, https:\/\/notinor.com\/jujuy\/wp-content\/uploads\/2021\/05\/ELECCIONES-Jujuy-e1622818632130-750x403.jpg 750w, https:\/\/notinor.com\/jujuy\/wp-content\/uploads\/2021\/05\/ELECCIONES-Jujuy-e1622818632130.jpg 990w\" sizes=\"(max-width: 840px) 100vw, 840px\" \/><\/figure>\n\n\n\n<p>Desde el Ministerio de Salud de Jujuy recordaron a la poblaci\u00f3n que una de las medidas clave para evitar la propagaci\u00f3n del Covid-19 es el aislamiento domiciliario m\u00ednimo de 10 d\u00edas, que incluso puede extenderse de acuerdo a la presentaci\u00f3n de cada caso, seg\u00fan la valoraci\u00f3n de los profesionales m\u00e9dicos.<\/p>\n\n\n\n<p><strong>Asimismo, afirm\u00f3 que la indicaci\u00f3n de aislamiento es obligatoria y no opcional, es decir, debe cumplirse de manera ineludible sin posibilidad de salida de la vivienda, a excepci\u00f3n del traslado o derivaci\u00f3n que resuelvan los especialistas m\u00e9dicos.<\/strong><\/p>\n\n\n\n<p>De quebrar la norma sanitaria indicada, la persona incurrir\u00eda en violaci\u00f3n a las medidas preventivas siendo pasible de una denuncia penal por los delitos previstos en los art\u00edculos 202 y 205 del C\u00f3digo Penal de la Naci\u00f3n y art\u00edculo 90 del C\u00f3digo Contravencional de la Provincia de Jujuy.<\/p>\n\n\n\n<p><strong>En ese marco y ante la proximidad de los comicios a realizarse en la provincia, la cartera sanitaria reitera que, con indicaci\u00f3n de aislamiento entre los d\u00edas 17 y 27 de junio inclusive, las personas no podr\u00e1n acercarse a votar.<\/strong><\/p>\n\n\n\n<p>Por \u00faltimo, para la justificaci\u00f3n de la inasistencia a las urnas en este caso, se deber\u00e1 concurrir, finalizado el aislamiento, a la Secretar\u00eda Electoral m\u00e1s cercana al domicilio con DNI en mano, donde se cotejar\u00e1n los datos con los listados de las personas con seguimiento del sistema sanitario, previamente provistos por el Comit\u00e9 Operativo de Emergencias (COE). Chequeada la informaci\u00f3n, la persona tendr\u00e1 efectiva certificaci\u00f3n de la ausencia.<\/p>\n\n\n\n<figure class=\"wp-block-image size-large\"><img decoding=\"async\" src=\"https:\/\/media.prensa.jujuy.gob.ar\/p\/d0b8e9ac50def9bea1df11e920b8f6ec\/adjuntos\/301\/imagenes\/000\/271\/0000271125\/aislamiento-obligatorio-elecciones-2021.jpg\" alt=\"\"\/><\/figure>\n","protected":false},"excerpt":{"rendered":"<p>As\u00ed lo anunciaron desde el Gobierno ya que el aislamiento m\u00ednimo en casos de coronavirus y contactos estrechos es de 10 d\u00edas. Podr\u00e1n denunciar penalmente a quienes incumplan la medida. Desde el Ministerio de Salud de Jujuy recordaron a la poblaci\u00f3n que una de las medidas clave para evitar la propagaci\u00f3n del Covid-19 es el [&hellip;]<\/p>\n","protected":false},"author":1,"featured_media":296625,"comment_status":"open","ping_status":"open","sticky":false,"template":"","format":"standard","meta":{"_stopmodifiedupdate":false,"_modified_date":"","inline_featured_image":false,"spay_email":"","jetpack_publicize_message":""},"categories":[2,501],"tags":[],"jetpack_featured_media_url":"https:\/\/notinor.com\/jujuy\/wp-content\/uploads\/2021\/05\/ELECCIONES-Jujuy-e1622818632130.jpg","jetpack_publicize_connections":[],"_links":{"self":[{"href":"https:\/\/notinor.com\/jujuy\/wp-json\/wp\/v2\/posts\/301931"}],"collection":[{"href":"https:\/\/notinor.com\/jujuy\/wp-json\/wp\/v2\/posts"}],"about":[{"href":"https:\/\/notinor.com\/jujuy\/wp-json\/wp\/v2\/types\/post"}],"author":[{"embeddable":true,"href":"https:\/\/notinor.com\/jujuy\/wp-json\/wp\/v2\/users\/1"}],"replies":[{"embeddable":true,"href":"https:\/\/notinor.com\/jujuy\/wp-json\/wp\/v2\/comments?post=301931"}],"version-history":[{"count":1,"href":"https:\/\/notinor.com\/jujuy\/wp-json\/wp\/v2\/posts\/301931\/revisions"}],"predecessor-version":[{"id":301936,"href":"https:\/\/notinor.com\/jujuy\/wp-json\/wp\/v2\/posts\/301931\/revisions\/301936"}],"wp:featuredmedia":[{"embeddable":true,"href":"https:\/\/notinor.com\/jujuy\/wp-json\/wp\/v2\/media\/296625"}],"wp:attachment":[{"href":"https:\/\/notinor.com\/jujuy\/wp-json\/wp\/v2\/media?parent=301931"}],"wp:term":[{"taxonomy":"category","embeddable":true,"href":"https:\/\/notinor.com\/jujuy\/wp-json\/wp\/v2\/categories?post=301931"},{"taxonomy":"post_tag","embeddable":true,"href":"https:\/\/notinor.com\/jujuy\/wp-json\/wp\/v2\/tags?post=301931"}],"curies":[{"name":"wp","href":"https:\/\/api.w.org\/{rel}","templated":true}]}}