{"id":30192,"date":"2015-06-05T00:00:27","date_gmt":"2015-06-05T03:00:27","guid":{"rendered":"http:\/\/notinor.com\/jujuy\/?p=30192"},"modified":"2015-06-04T23:57:45","modified_gmt":"2015-06-05T02:57:45","slug":"actividades-por-el-dia-mundial-del-medio-ambiente-en-el-centro-cultural-hector-tizon","status":"publish","type":"post","link":"https:\/\/notinor.com\/jujuy\/actividades-por-el-dia-mundial-del-medio-ambiente-en-el-centro-cultural-hector-tizon\/","title":{"rendered":"Actividades por el \u201cD\u00eda Mundial del Medio Ambiente\u201d en el Centro Cultural \u201cH\u00e9ctor Tiz\u00f3n\u201d"},"content":{"rendered":"<p>El Director de Medio Ambiente, dependiente de la Secretar\u00eda de Servicios P\u00fablicos de la Municipalidad de San Salvador de Jujuy, Bi\u00f3logo Diego Ferrer, hizo efectiva la invitaci\u00f3n junto al Centro de Desarrollo Integral \u201cPata Pila\u201d, de la Secretar\u00eda de Desarrollo Humano, a participar de las actividades celebratorias por el D\u00eda Mundial del Medio Ambiente hoy, en el Centro Cultural \u201cH\u00e9ctor Tiz\u00f3n\u201d, a partir de las 9 horas.<\/p>\n<p>Con m\u00e1s\u00a0 detalles, Diego Ferrer manifest\u00f3 que \u201cel programa de actividades iniciar\u00e1 a partir de las 9 horas con recepci\u00f3n de alumnos\u00a0 y entrega de bolsitas para el interior de los veh\u00edculos con el logo \u201cCalles limpias en mi ciudad\u201d con golosinas\u201d.<\/p>\n<p>Entre las 9:30 y 10:30 horas, adelant\u00f3 que \u201chabr\u00e1 una exposici\u00f3n y muestra de dibujos, collage, mural, artesan\u00edas recicladas, realizadas por los ni\u00f1os y padres de la Sala 3 y 4 a\u00f1os del Turno Tarde del CDI Pata Pila, M\u00e1s la proyecci\u00f3n de un video corto dirigido a los ni\u00f1os sobre el cuidado del Medio Ambiente\u201d.<\/p>\n<p>El funcionario municipal tambi\u00e9n anticip\u00f3 que \u201cluego se escucharan palabras alusivas de las autoridades municipales presentes, agradecimientos a las instituciones participantes, al CDI Pata Pila a trav\u00e9s de sus alumnos, padres, docentes auxiliares y directivos y a responsables del Centro Cultura H\u00e9ctor Tiz\u00f3n\u201d.<\/p>\n","protected":false},"excerpt":{"rendered":"<p>El Director de Medio Ambiente, dependiente de la Secretar\u00eda de Servicios P\u00fablicos de la Municipalidad de San Salvador de Jujuy, Bi\u00f3logo Diego Ferrer, hizo efectiva la invitaci\u00f3n junto al Centro de Desarrollo Integral \u201cPata Pila\u201d, de la Secretar\u00eda de Desarrollo Humano, a participar de las actividades celebratorias por el D\u00eda Mundial del Medio Ambiente hoy, [&hellip;]<\/p>\n","protected":false},"author":1,"featured_media":19331,"comment_status":"open","ping_status":"open","sticky":false,"template":"","format":"standard","meta":{"_stopmodifiedupdate":false,"_modified_date":"","inline_featured_image":false},"categories":[13],"tags":[],"jetpack_featured_media_url":"https:\/\/notinor.com\/jujuy\/wp-content\/uploads\/2015\/03\/Centro-Cultural-Tiz\u00f3n.jpg","_links":{"self":[{"href":"https:\/\/notinor.com\/jujuy\/wp-json\/wp\/v2\/posts\/30192"}],"collection":[{"href":"https:\/\/notinor.com\/jujuy\/wp-json\/wp\/v2\/posts"}],"about":[{"href":"https:\/\/notinor.com\/jujuy\/wp-json\/wp\/v2\/types\/post"}],"author":[{"embeddable":true,"href":"https:\/\/notinor.com\/jujuy\/wp-json\/wp\/v2\/users\/1"}],"replies":[{"embeddable":true,"href":"https:\/\/notinor.com\/jujuy\/wp-json\/wp\/v2\/comments?post=30192"}],"version-history":[{"count":1,"href":"https:\/\/notinor.com\/jujuy\/wp-json\/wp\/v2\/posts\/30192\/revisions"}],"predecessor-version":[{"id":30193,"href":"https:\/\/notinor.com\/jujuy\/wp-json\/wp\/v2\/posts\/30192\/revisions\/30193"}],"wp:featuredmedia":[{"embeddable":true,"href":"https:\/\/notinor.com\/jujuy\/wp-json\/wp\/v2\/media\/19331"}],"wp:attachment":[{"href":"https:\/\/notinor.com\/jujuy\/wp-json\/wp\/v2\/media?parent=30192"}],"wp:term":[{"taxonomy":"category","embeddable":true,"href":"https:\/\/notinor.com\/jujuy\/wp-json\/wp\/v2\/categories?post=30192"},{"taxonomy":"post_tag","embeddable":true,"href":"https:\/\/notinor.com\/jujuy\/wp-json\/wp\/v2\/tags?post=30192"}],"curies":[{"name":"wp","href":"https:\/\/api.w.org\/{rel}","templated":true}]}}