{"id":301918,"date":"2021-06-17T08:54:27","date_gmt":"2021-06-17T11:54:27","guid":{"rendered":"https:\/\/notinor.com\/jujuy\/?p=301918"},"modified":"2021-06-17T08:54:31","modified_gmt":"2021-06-17T11:54:31","slug":"se-podra-sacar-turno-para-el-movil-de-la-mujer-en-el-centro-cultural-tupac-amaru","status":"publish","type":"post","link":"https:\/\/notinor.com\/jujuy\/se-podra-sacar-turno-para-el-movil-de-la-mujer-en-el-centro-cultural-tupac-amaru\/","title":{"rendered":"Se podr\u00e1 sacar turno para el M\u00f3vil de la Mujer en el centro cultural Tupac Amaru"},"content":{"rendered":"\n<p>En un trabajo en conjunto entre la Municipalidad de San Salvador de Jujuy, el Gobierno de la Provincia y el Concejo Deliberante, el M\u00f3vil de la Mujer contin\u00faa visitando a las mujeres de los diferentes barrios de nuestra Capital. Est\u00e1 vez ser\u00e1 el turno de las vecinas de los sectores aleda\u00f1os al Centro Cultural Tupac Amaru, ubicado en av. La Intermedia s\/n del barrio hom\u00f3nimo, del jueves 17 al lunes 21, entre las 8 a 12 hs.<\/p>\n\n\n\n<figure class=\"wp-block-image size-large\"><img decoding=\"async\" loading=\"lazy\" width=\"700\" height=\"460\" src=\"https:\/\/notinor.com\/jujuy\/wp-content\/uploads\/2021\/06\/Movil-de-la-Mujer-4-1024x674-1.jpg\" alt=\"\" class=\"wp-image-301919\" srcset=\"https:\/\/notinor.com\/jujuy\/wp-content\/uploads\/2021\/06\/Movil-de-la-Mujer-4-1024x674-1.jpg 700w, https:\/\/notinor.com\/jujuy\/wp-content\/uploads\/2021\/06\/Movil-de-la-Mujer-4-1024x674-1-555x365.jpg 555w\" sizes=\"(max-width: 700px) 100vw, 700px\" \/><\/figure>\n\n\n\n<p>En esta ocasi\u00f3n\u00a0las interesadas podr\u00e1n sacar turno, desde ma\u00f1ana jueves 17 hasta el lunes 21, inclusive, de 8 a 12 hs., para ser atendidas en el M\u00f3vil de la Mujer, que estar\u00e1 el martes 22 de junio de 8 a 12 hs, y prestar\u00e1 servicio en el Centro Cultural del barrio Tupac Amaru, sito en av. La Intermedia s\/n.\u00a0En esta ocasi\u00f3n, la secretar\u00eda de Desarrollo Humano, a trav\u00e9s de la direcci\u00f3n general de Desarrollo Familiar, contar\u00e1 adem\u00e1s con stand y talleres de huerta, nutrici\u00f3n, asesoramiento t\u00e9cnico legal, stand de paridad de g\u00e9nero y salud mental.<\/p>\n\n\n\n<p>La subsecretaria de Desarrollo Humano, Daniela Amerise, coment\u00f3 que\u00a0\u201clas vecinas ya pueden acercarse a pedir sus turnos, se van a realizar\u00a0las pr\u00e1cticas con las que se ven\u00eda trabajando, ecograf\u00edas ginecol\u00f3gicas y obst\u00e9tricas, mamograf\u00edas, colocaci\u00f3n de Diu, control ecogr\u00e1fico posterior\u00a0y todo lo que tienen que ver con el cuidado responsable de la mujer\u201d.<\/p>\n\n\n\n<p>Por su parte, Adriana Vaca, detall\u00f3 las condiciones necesarias para realizar cualquiera de las prestaciones, \u201cpara toma de PAP es necesario que saquen sus turnos menores de 29 a\u00f1os, a partir de los 30 a\u00f1os hacemos toma de PAP mas HPV, habr\u00e1 ecograf\u00edas ginecol\u00f3gicas que ser\u00e1n para control de Diu\u00a0o bien las que tengan alguna prescripci\u00f3n m\u00e9dica y ecograf\u00edas obst\u00e9tricas, para mamograf\u00edas en este caso en particular pedimos que se acerquen a partir de los 50 a\u00f1os, porque es m\u00e1s necesario hacerlo para la prevenci\u00f3n del c\u00e1ncer de mama, tambi\u00e9n contaremos con consejer\u00eda para cualquier consulta sobre educaci\u00f3n sexual y entregamos anticonceptivos para las mujeres que lo necesiten\u201d.<\/p>\n\n\n\n<p>Se recuerda que el M\u00f3vil de la Mujer atiende s\u00f3lo con turno previo, ya que se trabaja con turnos programados y solo los correspondientes para seguir respetando los protocolos de bioseguridad impuestos por el COE.<\/p>\n","protected":false},"excerpt":{"rendered":"<p>En un trabajo en conjunto entre la Municipalidad de San Salvador de Jujuy, el Gobierno de la Provincia y el Concejo Deliberante, el M\u00f3vil de la Mujer contin\u00faa visitando a las mujeres de los diferentes barrios de nuestra Capital. Est\u00e1 vez ser\u00e1 el turno de las vecinas de los sectores aleda\u00f1os al Centro Cultural Tupac [&hellip;]<\/p>\n","protected":false},"author":5,"featured_media":301921,"comment_status":"open","ping_status":"open","sticky":false,"template":"","format":"standard","meta":{"_stopmodifiedupdate":false,"_modified_date":"","inline_featured_image":false,"spay_email":"","jetpack_publicize_message":""},"categories":[13],"tags":[],"jetpack_featured_media_url":"https:\/\/notinor.com\/jujuy\/wp-content\/uploads\/2021\/06\/MOVIL.jpg","jetpack_publicize_connections":[],"_links":{"self":[{"href":"https:\/\/notinor.com\/jujuy\/wp-json\/wp\/v2\/posts\/301918"}],"collection":[{"href":"https:\/\/notinor.com\/jujuy\/wp-json\/wp\/v2\/posts"}],"about":[{"href":"https:\/\/notinor.com\/jujuy\/wp-json\/wp\/v2\/types\/post"}],"author":[{"embeddable":true,"href":"https:\/\/notinor.com\/jujuy\/wp-json\/wp\/v2\/users\/5"}],"replies":[{"embeddable":true,"href":"https:\/\/notinor.com\/jujuy\/wp-json\/wp\/v2\/comments?post=301918"}],"version-history":[{"count":1,"href":"https:\/\/notinor.com\/jujuy\/wp-json\/wp\/v2\/posts\/301918\/revisions"}],"predecessor-version":[{"id":301922,"href":"https:\/\/notinor.com\/jujuy\/wp-json\/wp\/v2\/posts\/301918\/revisions\/301922"}],"wp:featuredmedia":[{"embeddable":true,"href":"https:\/\/notinor.com\/jujuy\/wp-json\/wp\/v2\/media\/301921"}],"wp:attachment":[{"href":"https:\/\/notinor.com\/jujuy\/wp-json\/wp\/v2\/media?parent=301918"}],"wp:term":[{"taxonomy":"category","embeddable":true,"href":"https:\/\/notinor.com\/jujuy\/wp-json\/wp\/v2\/categories?post=301918"},{"taxonomy":"post_tag","embeddable":true,"href":"https:\/\/notinor.com\/jujuy\/wp-json\/wp\/v2\/tags?post=301918"}],"curies":[{"name":"wp","href":"https:\/\/api.w.org\/{rel}","templated":true}]}}