{"id":301912,"date":"2021-06-17T08:32:17","date_gmt":"2021-06-17T11:32:17","guid":{"rendered":"https:\/\/notinor.com\/jujuy\/?p=301912"},"modified":"2021-06-17T08:32:22","modified_gmt":"2021-06-17T11:32:22","slug":"199-aniversario-del-fallecimiento-del-gral-manuel-arias","status":"publish","type":"post","link":"https:\/\/notinor.com\/jujuy\/199-aniversario-del-fallecimiento-del-gral-manuel-arias\/","title":{"rendered":"199\u00b0 Aniversario del fallecimiento del Gral. Manuel Arias"},"content":{"rendered":"\n<p>La Municipalidad de San Salvador de Jujuy y el Concejo Deliberante, junto a entidades gauchas, del centro vecinal, abanderados y vecinos del barrio Coronel Arias, realizaron el acto en conmemoraci\u00f3n al 199\u00b0 Aniversario del Fallecimiento del Gral., Post Morten, Manuel Eduardo Arias y por Ley Provincial el D\u00eda del Gaucho Juje\u00f1o, guerrero de la Independencia.<\/p>\n\n\n\n<figure class=\"wp-block-image size-large\"><img decoding=\"async\" loading=\"lazy\" width=\"700\" height=\"466\" src=\"https:\/\/notinor.com\/jujuy\/wp-content\/uploads\/2021\/06\/gaucgo.jpg\" alt=\"\" class=\"wp-image-301913\" srcset=\"https:\/\/notinor.com\/jujuy\/wp-content\/uploads\/2021\/06\/gaucgo.jpg 700w, https:\/\/notinor.com\/jujuy\/wp-content\/uploads\/2021\/06\/gaucgo-548x365.jpg 548w\" sizes=\"(max-width: 700px) 100vw, 700px\" \/><\/figure>\n\n\n\n<p>En este contexto, el presidente del Concejo Deliberante,<strong>&nbsp;Lisandro Aguiar, manifest\u00f3 el orgullo de poder reivindicar como juje\u00f1os la historia de lo que signific\u00f3 para la Provincia de Jujuy la lucha de la Independencia compartiendo con los gauchos juje\u00f1os la conmemoraci\u00f3n del Gral. Arias y el d\u00eda del gaucho juje\u00f1o<\/strong>. Desde el Municipio y el Concejo Deliberante, se acompa\u00f1\u00f3 al gauchaje juje\u00f1o para estar presente en el Busto del Gral. Manuel Eduardo Arias, conmemorando el 199 aniversario de su fallecimiento, \u201c<em>un hombre que fue parte vital de nuestra historia, de la Independencia y de la posibilidad de ser libres como pa\u00eds y en el d\u00eda del gaucho juje\u00f1o, reconociendo a hombres y mujeres que mantienen nuestras tradiciones vivas\u201d.<\/em><\/p>\n\n\n\n<p><strong>Del acto<\/strong><br>Inicialmente se procedi\u00f3 al izamiento de las Banderas Nacional a cargo del presidente del Concejo Deliberante, Lisandro Aguiar y concejales, mientras que por la Libertad Civil lo hicieron Luciano C\u00f3rdoba, N\u00e9stor Barrios junto a Bartolom\u00e9 Mamani y Aldo Ortiz. Luego se entonaron las estrofas del Himno Nacional Argentino y posterior colocaci\u00f3n de ofrendas florales al Busto del H\u00e9roe Juje\u00f1o, Gral. Manuel Eduardo Arias, a cargo de la Federaci\u00f3n Gaucha Juje\u00f1a; representantes del Instituto Arias y Belgraniano; autoridades municipales y entidades gauchas.<\/p>\n\n\n\n<p>De igual forma procedieron las autoridades del Concejo Deliberante y Aldo Ortiz por la Asociaci\u00f3n Gaucha Juje\u00f1a, quien en palabras alusivas a la fecha agradeci\u00f3 a los presentes por el acompa\u00f1amiento en el D\u00eda del Gaucho Juje\u00f1o y conmemorando al Gral. Arias como \u201c<em><strong>el h\u00e9roe gaucho, que tiene que perdurar con el tiempo<\/strong>&nbsp;y que en estos tiempos donde transitamos la pandemia nos encuentre hermanados, unidos con el lema de que Jujuy se encuentre en lo m\u00e1s alto de la tradici\u00f3n\u201d.<\/em><\/p>\n\n\n\n<p>El acto cont\u00f3 con la presencia del presidente del Concejo Deliberante, Lisandro Aguiar; el secretario de Planificaci\u00f3n, Desarrollo y Modernizaci\u00f3n del municipio capitalino, Luciano C\u00f3rdoba y el sub secretario de Gobierno, N\u00e9stor Barrios; concejales; el presidente de la Federaci\u00f3n Gaucha Juje\u00f1a, Bartolom\u00e9 Mamani, la paisana provincial, F\u00e1tima Zarapura; el presidente de la Asociaci\u00f3n Gaucha Juje\u00f1a, Aldo Ortiz; junto a entidades gauchas, integrantes del Instituto Arias; Belgraniano; Helen Keller y del centro vecinal del barrio Coronel Arias.<\/p>\n","protected":false},"excerpt":{"rendered":"<p>La Municipalidad de San Salvador de Jujuy y el Concejo Deliberante, junto a entidades gauchas, del centro vecinal, abanderados y vecinos del barrio Coronel Arias, realizaron el acto en conmemoraci\u00f3n al 199\u00b0 Aniversario del Fallecimiento del Gral., Post Morten, Manuel Eduardo Arias y por Ley Provincial el D\u00eda del Gaucho Juje\u00f1o, guerrero de la Independencia. [&hellip;]<\/p>\n","protected":false},"author":5,"featured_media":301914,"comment_status":"open","ping_status":"open","sticky":false,"template":"","format":"standard","meta":{"_stopmodifiedupdate":false,"_modified_date":"","inline_featured_image":false,"spay_email":"","jetpack_publicize_message":""},"categories":[514],"tags":[],"jetpack_featured_media_url":"https:\/\/notinor.com\/jujuy\/wp-content\/uploads\/2021\/06\/Gaucho-Jujeno.jpg","jetpack_publicize_connections":[],"_links":{"self":[{"href":"https:\/\/notinor.com\/jujuy\/wp-json\/wp\/v2\/posts\/301912"}],"collection":[{"href":"https:\/\/notinor.com\/jujuy\/wp-json\/wp\/v2\/posts"}],"about":[{"href":"https:\/\/notinor.com\/jujuy\/wp-json\/wp\/v2\/types\/post"}],"author":[{"embeddable":true,"href":"https:\/\/notinor.com\/jujuy\/wp-json\/wp\/v2\/users\/5"}],"replies":[{"embeddable":true,"href":"https:\/\/notinor.com\/jujuy\/wp-json\/wp\/v2\/comments?post=301912"}],"version-history":[{"count":1,"href":"https:\/\/notinor.com\/jujuy\/wp-json\/wp\/v2\/posts\/301912\/revisions"}],"predecessor-version":[{"id":301915,"href":"https:\/\/notinor.com\/jujuy\/wp-json\/wp\/v2\/posts\/301912\/revisions\/301915"}],"wp:featuredmedia":[{"embeddable":true,"href":"https:\/\/notinor.com\/jujuy\/wp-json\/wp\/v2\/media\/301914"}],"wp:attachment":[{"href":"https:\/\/notinor.com\/jujuy\/wp-json\/wp\/v2\/media?parent=301912"}],"wp:term":[{"taxonomy":"category","embeddable":true,"href":"https:\/\/notinor.com\/jujuy\/wp-json\/wp\/v2\/categories?post=301912"},{"taxonomy":"post_tag","embeddable":true,"href":"https:\/\/notinor.com\/jujuy\/wp-json\/wp\/v2\/tags?post=301912"}],"curies":[{"name":"wp","href":"https:\/\/api.w.org\/{rel}","templated":true}]}}