{"id":30180,"date":"2015-06-05T00:00:05","date_gmt":"2015-06-05T03:00:05","guid":{"rendered":"http:\/\/notinor.com\/jujuy\/?p=30180"},"modified":"2015-06-04T23:53:00","modified_gmt":"2015-06-05T02:53:00","slug":"marcelo-nasif-hemos-encontrado-que-eran-mas-las-coincidencias-que-las-diferencias","status":"publish","type":"post","link":"https:\/\/notinor.com\/jujuy\/marcelo-nasif-hemos-encontrado-que-eran-mas-las-coincidencias-que-las-diferencias\/","title":{"rendered":"Marcelo Nasif:  \"hemos encontrado que eran m\u00e1s las coincidencias que las diferencias\""},"content":{"rendered":"<p><strong>\u00bfC\u00f3mo lleg\u00f3 Encuentro Juje\u00f1o a integrarse en el gran Frente Opositor que lidera Gerardo Morales?<\/strong><\/p>\n<p>Nuestro Partido Encuentro Juje\u00f1o, de reciente formaci\u00f3n, de origen peronista, es una de las 10 fuerzas pol\u00edticas que est\u00e1n integrando \u00e9ste frente Cambia Jujuy que tiene entre sus postulados la recuperaci\u00f3n de todo aquellos que se perdi\u00f3 en \u00e9stos \u00faltimos a\u00f1os, que ha sido mucho.\u00a0 Vemos en Cambia Jujuy una potencia extraordinaria porque se ha reunido todo el arco opositor.\u00a0 Pero m\u00e1s que un arco pol\u00edtico opositor un arco pol\u00edtico que propone cosas; tenemos la idea de poder representar a la mayor\u00eda de los juje\u00f1os con una visi\u00f3n clara de saber qu\u00e9 es lo que hay que hacer.<\/p>\n<p><strong>\u00bfNo se ha perdido la identidad peronista de Encuentro Juje\u00f1o al integrarse a un frente en que lidera el radicalismo?<\/strong><\/p>\n<p>En la diversidad y la pluralidad de la conformaci\u00f3n de \u00e9ste frente donde hay peronistas, radicales, socialistas, hay gente del PRO, y gente de otras expresiones que tal vez no tienen ni una \u00ednfima afinidad ni siquiera con el radicalismo o entre s\u00ed.\u00a0 Pero ah\u00ed est\u00e1 la fortaleza, porque es un abanico bastante abierto, generoso.\u00a0 Es una s\u00edntesis superadora en la que nadie tiene por qu\u00e9 perder la identidad.\u00a0 Lo que hemos hecho no es arriar nuestras banderas, sino poner en un sitial m\u00e1s alto a la bandera de Jujuy y a la bandera argentina.\u00a0 Hemos encontrado coincidencias m\u00e1s all\u00e1 de las diferencias.<\/p>\n<p><strong>\u00bfc\u00f3mo conviven en un espacio posturas, ideolog\u00edas y visiones de la pol\u00edtica tan dis\u00edmiles y hasta antag\u00f3nicas entre s\u00ed;\u00a0\u00a0 sin ir muy lejos, tanto el radicalismo como el peronismo son corrientes que en alg\u00fan momento se identificaron con el movimiento nacional, mientras que por otro lado hay una fuerza internacionalista como el socialismo, o neoliberal como el PRO?<\/strong><\/p>\n<p>Yo creo que \u00e9stas ideolog\u00edas que uno se autoatribuye, son muchas veces las excusas que en muchas oportunidades se esgrimieron para no sentarse en una mesa que tenga un fin superior y com\u00fan, para ponernos a trabajar sobre los problemas que nos afectan, qued\u00e1ndonos en la comodidad de la cr\u00edtica.\u00a0 Lo m\u00e1s f\u00e1cil en este mundo es criticar y no hacer nada, y siempre descalificar a los dem\u00e1s.\u00a0 Nos hemos planteado si exist\u00eda la posibilidad de que Jujuy viva mejor, y si existe.\u00a0 Existe la posibilidad de que nos reunamos porque m\u00e1s all\u00e1 de las diferencias, tenemos coincidencias; como lo dice el viejo apotema del peronismo:\u00a0 \u201cprimero la Patria, despu\u00e9s el movimiento y por \u00faltimo los hombres\u201d.\u00a0 Si Per\u00f3n se dio un abrazo con Balb\u00edn y dijo que \u201cpara un argentino no hab\u00eda nada mejor que otro argentino\u201d,\u00a0 entonces yo digo, y nosotros decimos, que \u201cpara un juje\u00f1o no hay nada mejor que otro juje\u00f1o\u201d.<\/p>\n<p><strong>En \u00e9sta s\u00edntesis superadora de diferencias donde se encontraron coincidencias \u00bfqu\u00e9 es lo que merece subrayarse para identificarlos?<\/strong><\/p>\n<p>Las expresiones pol\u00edticas juje\u00f1as nos hemos expresado de \u00e9sta manera y nos hemos puesto de acuerdo en los puntos comunes.\u00a0 \u00bfQu\u00e9 es lo que le sobra y le falta a Jujuy?\u00a0 \u00bfLe falta trabajo?\u00a0 le falta trabajo.\u00a0 \u00bfLe sobra violencia?\u00a0 le sobra violencia.\u00a0 \u00bfLe falta salud?\u00a0 le falta salud.\u00a0 \u00bfLe sobra prepotencia? le sobra prepotencia.\u00a0 \u00bfLe falta un plan de gobierno?\u00a0 le falta un plan de gobierno.\u00a0 \u00bfLe sobran excusas para no gobernar? le sobran.\u00a0 \u00bfLe falta honestidad? le falta honestidad.\u00a0 Entonces, entre lo que le sobra y lo que le falta, nosotros nos quedamos con las cosas que Jujuy necesita, y Jujuy necesita un gobierno decente.\u00a0 Jujuy necesita un gobierno comprometido, de juje\u00f1os para los juje\u00f1os, que quieran bien a Jujuy, que tenga por encima de las aspiraciones leg\u00edtimas que puede tener toda persona, a la idea superadora del momento que vivimos.\u00a0 Porque este es un momento de emergencia.<\/p>\n<p><strong>\u00bfHubo algo m\u00e1s que la idea superadora que los haya decidido a olvidar diferencias y encontrar coincidencias?<\/strong><\/p>\n<p>Hubo, y hay, una voluntad mayoritaria que reclama el cambio, y es la que en definitiva est\u00e1 impulsando esto.\u00a0 Porque se podr\u00e1n juntar muchos dirigentes que no dirigen a nadie o que no son representativos de la gente, y no pasar\u00e1 nada.\u00a0 Aqu\u00ed sucede todo lo contrario, es el gran consenso de las mayor\u00edas silenciosas de nuestro pueblo.\u00a0 Yo en mi caso personal, cuando insinuamos a establecer un v\u00ednculo abierto, generoso plural, con otras fuerzas pol\u00edticas, antes de preguntarle a nadie empec\u00e9 a consultarle al Pueblo.\u00a0 Porque la voz del pueblo es la voz de Dios.\u00a0 La calle todos los d\u00edas nos da la raz\u00f3n por lo que nosotros hemos hecho.<\/p>\n<p><strong>\u00bfY qu\u00e9 le dec\u00eda la \u201cvoz de Dios\u201d?<\/strong><\/p>\n<p>Nos dec\u00eda la gente, con sus palabras, m\u00e1s o menos en s\u00edntesis, \"d\u00e9jense de macanear, muchachos; p\u00f3nganse de acuerdo; Jujuy est\u00e1 esperando que ustedes se pongan de acuerdo en algo para ver si son capaces de hacer algo y no andar cacareando tanto\", y no creerse los ombligos del mundo\".<\/p>\n<p><strong>\u00bfFue f\u00e1cil encontrar coincidencias y superar las diferencias?<\/strong><\/p>\n<p>Son cosas que nos suelen suceder; uno cree que est\u00e1 enojado o enfrentado con fulano o con mengano, pero despu\u00e9s de reunirse y conversar resultan que los odios no eran tales y, en un par de reuniones m\u00e1s terminamos de chanchos amigos.\u00a0 Lo que quiero decir es que nos hemos puesto con mucha madurez a pensar, no en nuestros problemas personal\u00edsimos sino en la posibilidad de un gobierno que tiene muchos lugares donde van a poder participar todos aquellos hombres y mujeres que est\u00e9n, sobre todo en esta etapa fundacional del proceso transformador que Jujuy hace rato necesita.<\/p>\n<p><strong>\u00bfY si fue tan f\u00e1cil, c\u00f3mo no se ha hecho antes?<\/strong><\/p>\n<p>Si esto no se ha producido antes ha sido por la propia soberbia, la propia incompetencia, los propios egos que no nos han permitido superar las barreras de la mediocridad.\u00a0 Hoy yo creo que con los resultados que est\u00e1n a la vista:\u00a0 una gesti\u00f3n que deja mucho para desear, hay un Jujuy que necesita insertarse al mundo del trabajo, de la cultura, de la educaci\u00f3n, de la salud, y que a trav\u00e9s de todas estas cosas la gente pueda tener esperanza de tener un porvenir.\u00a0 En todo esto hemos coincidido y \u00bfqui\u00e9n no quiere lo mejor para Jujuy?<\/p>\n<p><strong>\u00bfY ahora c\u00f3mo vislumbra el futuro?<\/strong><\/p>\n<p>Antes, cuando estabamos separados, y cada uno estaba en su partido, ten\u00edamos que debatir diez contra diez.\u00a0 Ahora que nos juntamos \u00e9sos diez, esos diez coincidimos en nuestras expresiones y ahora tenemos un solo adversario.\u00a0 Digo adversario porque no es enemigo.\u00a0 Los enemigos son la pobreza, la miseria, la intolerancia, y la violencia con que se ha ejercido la pol\u00edtica.\u00a0 En este caso, son nuestros adversarios aquellos que han promovido y promueven todo este tipo de pol\u00edticas que han lastimado y da\u00f1ado tanto el cuerpo social de nuestra provincia y nos ha debilitado en muchos aspectos al punto que hoy Jujuy es una provincia que est\u00e1 d\u00e9bil.\u00a0 Lo que nosotros estamos construyendo es una alternativa posible, viable, generosa, amplia, inteligente, que adem\u00e1s va a tener la caracter\u00edstica de que se va a poder gobernar a futuro, somos la garant\u00eda de la gobernabilidad. \u00a0Porque entre todos, as\u00ed como dec\u00eda el General Per\u00f3n:\u00a0 \u201clos hombre son buenos y si se los controla son mejores\u201d, aqu\u00ed somos muchos los que nos iremos a controlar entre todos para ver si Jujuy tiene alguna vez el mejor gobierno de todos los tiempos.,\u00a0 Yo creo que eso es lo que viene, y esto nos tiene que encontrar unidos, o sino seguiremos dominados como hasta ahora.<\/p>\n<p><a href=\"http:\/\/notinor.com\/jujuy\/wp-content\/uploads\/2015\/06\/marcelo-nasif-escritorio.jpg\"><img decoding=\"async\" loading=\"lazy\" class=\" wp-image-30183 aligncenter\" src=\"http:\/\/notinor.com\/jujuy\/wp-content\/uploads\/2015\/06\/marcelo-nasif-escritorio-300x215.jpg\" alt=\"marcelo nasif escritorio\" width=\"565\" height=\"405\" srcset=\"https:\/\/notinor.com\/jujuy\/wp-content\/uploads\/2015\/06\/marcelo-nasif-escritorio-300x215.jpg 300w, https:\/\/notinor.com\/jujuy\/wp-content\/uploads\/2015\/06\/marcelo-nasif-escritorio-314x224.jpg 314w, https:\/\/notinor.com\/jujuy\/wp-content\/uploads\/2015\/06\/marcelo-nasif-escritorio-350x250.jpg 350w, https:\/\/notinor.com\/jujuy\/wp-content\/uploads\/2015\/06\/marcelo-nasif-escritorio-120x86.jpg 120w, https:\/\/notinor.com\/jujuy\/wp-content\/uploads\/2015\/06\/marcelo-nasif-escritorio.jpg 706w\" sizes=\"(max-width: 565px) 100vw, 565px\" \/><\/a><\/p>\n<p>&nbsp;<\/p>\n","protected":false},"excerpt":{"rendered":"<p>\u00bfC\u00f3mo lleg\u00f3 Encuentro Juje\u00f1o a integrarse en el gran Frente Opositor que lidera Gerardo Morales? Nuestro Partido Encuentro Juje\u00f1o, de reciente formaci\u00f3n, de origen peronista, es una de las 10 fuerzas pol\u00edticas que est\u00e1n integrando \u00e9ste frente Cambia Jujuy que tiene entre sus postulados la recuperaci\u00f3n de todo aquellos que se perdi\u00f3 en \u00e9stos \u00faltimos [&hellip;]<\/p>\n","protected":false},"author":1,"featured_media":30183,"comment_status":"open","ping_status":"open","sticky":false,"template":"","format":"standard","meta":{"_stopmodifiedupdate":false,"_modified_date":"","inline_featured_image":false},"categories":[493],"tags":[],"jetpack_featured_media_url":"https:\/\/notinor.com\/jujuy\/wp-content\/uploads\/2015\/06\/marcelo-nasif-escritorio.jpg","_links":{"self":[{"href":"https:\/\/notinor.com\/jujuy\/wp-json\/wp\/v2\/posts\/30180"}],"collection":[{"href":"https:\/\/notinor.com\/jujuy\/wp-json\/wp\/v2\/posts"}],"about":[{"href":"https:\/\/notinor.com\/jujuy\/wp-json\/wp\/v2\/types\/post"}],"author":[{"embeddable":true,"href":"https:\/\/notinor.com\/jujuy\/wp-json\/wp\/v2\/users\/1"}],"replies":[{"embeddable":true,"href":"https:\/\/notinor.com\/jujuy\/wp-json\/wp\/v2\/comments?post=30180"}],"version-history":[{"count":5,"href":"https:\/\/notinor.com\/jujuy\/wp-json\/wp\/v2\/posts\/30180\/revisions"}],"predecessor-version":[{"id":30189,"href":"https:\/\/notinor.com\/jujuy\/wp-json\/wp\/v2\/posts\/30180\/revisions\/30189"}],"wp:featuredmedia":[{"embeddable":true,"href":"https:\/\/notinor.com\/jujuy\/wp-json\/wp\/v2\/media\/30183"}],"wp:attachment":[{"href":"https:\/\/notinor.com\/jujuy\/wp-json\/wp\/v2\/media?parent=30180"}],"wp:term":[{"taxonomy":"category","embeddable":true,"href":"https:\/\/notinor.com\/jujuy\/wp-json\/wp\/v2\/categories?post=30180"},{"taxonomy":"post_tag","embeddable":true,"href":"https:\/\/notinor.com\/jujuy\/wp-json\/wp\/v2\/tags?post=30180"}],"curies":[{"name":"wp","href":"https:\/\/api.w.org\/{rel}","templated":true}]}}