{"id":299591,"date":"2021-05-28T15:00:19","date_gmt":"2021-05-28T18:00:19","guid":{"rendered":"https:\/\/notinor.com\/jujuy\/?p=299591"},"modified":"2021-05-28T15:00:25","modified_gmt":"2021-05-28T18:00:25","slug":"hongo-negro-al-caso-de-uruguay-se-le-sumaron-dos-contagiados-en-paraguay","status":"publish","type":"post","link":"https:\/\/notinor.com\/jujuy\/hongo-negro-al-caso-de-uruguay-se-le-sumaron-dos-contagiados-en-paraguay\/","title":{"rendered":"Hongo negro: al caso de Uruguay, se le sumaron dos contagiados en Paraguay"},"content":{"rendered":"\n<p>En medio de la pandemia de coronavirus, rige un estado de preocupaci\u00f3n en Sudam\u00e9rica ante el hongo negro, una enfermedad que se est\u00e1 comenzando a asociar al COVID-19, considerando que al caso de Uruguay detectado el pasado mi\u00e9rcoles se le sumaron dos contagiados en Paraguay.&nbsp;<\/p>\n\n\n\n<figure class=\"wp-block-image size-large\"><img decoding=\"async\" loading=\"lazy\" width=\"799\" height=\"448\" src=\"https:\/\/notinor.com\/jujuy\/wp-content\/uploads\/2021\/05\/HONGO-1.jpg\" alt=\"\" class=\"wp-image-299593\" srcset=\"https:\/\/notinor.com\/jujuy\/wp-content\/uploads\/2021\/05\/HONGO-1.jpg 799w, https:\/\/notinor.com\/jujuy\/wp-content\/uploads\/2021\/05\/HONGO-1-651x365.jpg 651w, https:\/\/notinor.com\/jujuy\/wp-content\/uploads\/2021\/05\/HONGO-1-500x280.jpg 500w, https:\/\/notinor.com\/jujuy\/wp-content\/uploads\/2021\/05\/HONGO-1-768x431.jpg 768w, https:\/\/notinor.com\/jujuy\/wp-content\/uploads\/2021\/05\/HONGO-1-750x421.jpg 750w\" sizes=\"(max-width: 799px) 100vw, 799px\" \/><\/figure>\n\n\n\n<p>Los dos primeros casos de hongo negro relacionados al COVID-19 en Paraguay corresponden a un hombre y a una mujer con diabetes, ambos pacientes recuperados de coronavirus, seg\u00fan inform\u00f3 la Sociedad Paraguaya de Microbiolog\u00eda.<\/p>\n\n\n\n<p>La mujer ten\u00eda una infecci\u00f3n en el paladar que luego fue diagnosticada como mucormicosis mucosa, mientras que en el caso del hombre se trat\u00f3 de una infecci\u00f3n pulmonar mientras atravesaba su cuadro de COVID-19 que le gener\u00f3 catarro con sangre. Ambos casos constan de pacientes diab\u00e9ticos que tuvieron coronavirus y desarrollaron s\u00edntomas de la enfermedad de hongo negro luego de entre 20 y 30 d\u00edas desde su contagio de COVID-19.<\/p>\n\n\n\n<p>Pese a ser com\u00fan la infecci\u00f3n de hongo negro en el pa\u00eds vecino, es la primera vez que aparecen contagios relacionados a las bajas defensas como consecuencia de haber padecido coronavirus.<\/p>\n\n\n\n<p>Qu\u00e9 es el \"hongo negro\" o mucormicosis y a qui\u00e9nes afecta<\/p>\n\n\n\n<p>\"Hongo negro\" es el nombre com\u00fan que se le da a la mucormicosis, una enfermedad ligada a un hongo se genera en ambientes h\u00famedos, puede estar en el suelo, en las plantas, en los alimentos y en las paredes.<\/p>\n\n\n\n<p>\"Las enfermedades generadas por hongos generalmente se dan en personas inmunocomprometidas, es decir, con defensas bajas, como por ejemplo pacientes de VIH, c\u00e1ncer o diabetes. Es raro que personas sin estos problemas de salud contraigan la enfermedad\", se\u00f1al\u00f3 a PERFIL el infect\u00f3logo Mart\u00edn Hojman, miembro de la Sociedad Argentina de Infectolog\u00eda.<\/p>\n\n\n\n<p>Adem\u00e1s, agreg\u00f3 que el hongo mucor, causante de la mucormicosis, es com\u00fan y suele estar normalmente en la nariz y en los senos paranasales sin causar inconvenientes en personas que no tienen problemas de salud.<\/p>\n\n\n\n<p>En pacientes con el sistema inmunol\u00f3gico comprometido, el hongo puede afectar las mucosas, las \u00f3rbitas oculares y el sistema respiratorio. A su vez, invade los vasos sangu\u00edneos y ataca los conductos respiratorios. Se detecta a partir de lesiones visibles, como necrosis (muerte del tejido) en la piel y en la zona de los ojos, o a partir de complicaciones en las v\u00edas respiratorias.<\/p>\n\n\n\n<p>M\u00e9dicos y expertos coinciden en que la mucormicosis parece estar infectando a pacientes con COVID-19 que tienen sistemas inmunol\u00f3gicos debilitados por el virus.<\/p>\n\n\n\n<p>\"Llama la atenci\u00f3n los casos de recuperados de coronavirus que contrajeron mucormicosis. A priori, tiene sentido relacionarla m\u00e1s al tratamiento contra el COVID-19 que al virus en s\u00ed mismo, todav\u00eda no se sabe si efectivamente hay un v\u00ednculo entre ambas enfermedades\", puntualiz\u00f3 el infect\u00f3logo Hojman.<\/p>\n\n\n\n<p>Esta relaci\u00f3n se da por el uso de corticoides por un tiempo prolongado en el tratamiento contra el Covid-19, lo cual puede favorecer la aparici\u00f3n de mucormicosis debido al aumento de la glicemia (az\u00facar en sangre) y la disminuci\u00f3n de la inmunidad.<\/p>\n\n\n\n<p>La clave es detectar el hongo negro a tiempo<\/p>\n\n\n\n<p>M\u00e9dicos y especialistas recomiendan estar atentos a los s\u00edntomas visibles como necrosis (muerte del tejido) en la piel y en la zona de los ojos, o a partir de complicaciones en las v\u00edas respiratorias. A partir de esto se toma una muestra cuyo cultivo es espec\u00edfico para detectar hongos.<\/p>\n\n\n\n<p>Es un hongo muy invasivo que afecta principalmente la fosa bucal, nasal, con p\u00e9rdida de control de los p\u00e1rpados, cuya letalidad asciende al 50% de los pacientes que la contraen y el deceso se da en cuesti\u00f3n de d\u00edas.<\/p>\n","protected":false},"excerpt":{"rendered":"<p>En medio de la pandemia de coronavirus, rige un estado de preocupaci\u00f3n en Sudam\u00e9rica ante el hongo negro, una enfermedad que se est\u00e1 comenzando a asociar al COVID-19, considerando que al caso de Uruguay detectado el pasado mi\u00e9rcoles se le sumaron dos contagiados en Paraguay.&nbsp; Los dos primeros casos de hongo negro relacionados al COVID-19 [&hellip;]<\/p>\n","protected":false},"author":5,"featured_media":299592,"comment_status":"open","ping_status":"open","sticky":false,"template":"","format":"standard","meta":{"_stopmodifiedupdate":false,"_modified_date":"","inline_featured_image":false},"categories":[6],"tags":[],"jetpack_featured_media_url":"https:\/\/notinor.com\/jujuy\/wp-content\/uploads\/2021\/05\/HONGO.jpg","_links":{"self":[{"href":"https:\/\/notinor.com\/jujuy\/wp-json\/wp\/v2\/posts\/299591"}],"collection":[{"href":"https:\/\/notinor.com\/jujuy\/wp-json\/wp\/v2\/posts"}],"about":[{"href":"https:\/\/notinor.com\/jujuy\/wp-json\/wp\/v2\/types\/post"}],"author":[{"embeddable":true,"href":"https:\/\/notinor.com\/jujuy\/wp-json\/wp\/v2\/users\/5"}],"replies":[{"embeddable":true,"href":"https:\/\/notinor.com\/jujuy\/wp-json\/wp\/v2\/comments?post=299591"}],"version-history":[{"count":1,"href":"https:\/\/notinor.com\/jujuy\/wp-json\/wp\/v2\/posts\/299591\/revisions"}],"predecessor-version":[{"id":299594,"href":"https:\/\/notinor.com\/jujuy\/wp-json\/wp\/v2\/posts\/299591\/revisions\/299594"}],"wp:featuredmedia":[{"embeddable":true,"href":"https:\/\/notinor.com\/jujuy\/wp-json\/wp\/v2\/media\/299592"}],"wp:attachment":[{"href":"https:\/\/notinor.com\/jujuy\/wp-json\/wp\/v2\/media?parent=299591"}],"wp:term":[{"taxonomy":"category","embeddable":true,"href":"https:\/\/notinor.com\/jujuy\/wp-json\/wp\/v2\/categories?post=299591"},{"taxonomy":"post_tag","embeddable":true,"href":"https:\/\/notinor.com\/jujuy\/wp-json\/wp\/v2\/tags?post=299591"}],"curies":[{"name":"wp","href":"https:\/\/api.w.org\/{rel}","templated":true}]}}