{"id":299588,"date":"2021-05-28T14:44:26","date_gmt":"2021-05-28T17:44:26","guid":{"rendered":"https:\/\/notinor.com\/jujuy\/?p=299588"},"modified":"2021-05-28T14:44:30","modified_gmt":"2021-05-28T17:44:30","slug":"exportacion-de-carne-el-campo-extendera-el-lockout-hasta-el-proximo-miercoles","status":"publish","type":"post","link":"https:\/\/notinor.com\/jujuy\/exportacion-de-carne-el-campo-extendera-el-lockout-hasta-el-proximo-miercoles\/","title":{"rendered":"Exportaci\u00f3n de carne: el campo extender\u00e1 el lockout hasta el pr\u00f3ximo mi\u00e9rcoles"},"content":{"rendered":"\n<p>&nbsp;La Mesa de Enlace de entidades agropecuarias decidi\u00f3 este viernes extender el cese de comercializaci\u00f3n de carnes hasta el mi\u00e9rcoles que viene en rechazo a la decisi\u00f3n oficial de suspender las exportaciones de carne.<\/p>\n\n\n\n<figure class=\"wp-block-image size-large\"><img decoding=\"async\" loading=\"lazy\" width=\"720\" height=\"480\" src=\"https:\/\/notinor.com\/jujuy\/wp-content\/uploads\/2021\/05\/LOKAUT-720x480.jpg\" alt=\"\" class=\"wp-image-299589\" srcset=\"https:\/\/notinor.com\/jujuy\/wp-content\/uploads\/2021\/05\/LOKAUT-720x480.jpg 720w, https:\/\/notinor.com\/jujuy\/wp-content\/uploads\/2021\/05\/LOKAUT-547x365.jpg 547w, https:\/\/notinor.com\/jujuy\/wp-content\/uploads\/2021\/05\/LOKAUT-768x512.jpg 768w, https:\/\/notinor.com\/jujuy\/wp-content\/uploads\/2021\/05\/LOKAUT-750x500.jpg 750w, https:\/\/notinor.com\/jujuy\/wp-content\/uploads\/2021\/05\/LOKAUT.jpg 799w\" sizes=\"(max-width: 720px) 100vw, 720px\" \/><\/figure>\n\n\n\n<p>En un principio, el lockout se iba a extender por 9 d\u00edas, pero esta medianoche los dirigentes del campo decidieron prolongarlo hasta el mi\u00e9rcoles pr\u00f3ximo 2 de junio a las 24:00.<\/p>\n\n\n\n<p>Las distintas entidades agrarias se reunieron de manera virtual esta ma\u00f1ana y, si bien se decidi\u00f3 continuar con la protesta, no sumaron el cese de comercializaci\u00f3n de granos como pretend\u00edan algunas entidades del sector.<\/p>\n\n\n\n<p>Desde Confederaciones Rurales Argentinas (CRA) -una de las entidades que componen la Mesa- confirmaron la extensi\u00f3n de la medida de fuerza a trav\u00e9s de sus redes sociales: \"La Comisi\u00f3n de Enlace de Entidades Agropecuarias convoca a continuar con el cese de comercializaci\u00f3n de todas las categor\u00edas de hacienda vacuna en pie hasta las 24 horas del mi\u00e9rcoles 2 de junio\".<\/p>\n\n\n\n<p>A trav\u00e9s de un comunicado, remarcaron que \"el camino elegido por el Gobierno no va a lograr que los precios internos de la carne bajen sino que va a tener el efecto contrario al buscado\" ya que \"cuando en el pasado se tom\u00f3 un sendero similar, los precios de la carne en el mercado interno, lejos de bajar, se incrementaron m\u00e1s de un 50 por ciento sobre el promedio del resto de los precios de la econom\u00eda\".<\/p>\n\n\n\n<p>\"El productor no es el formador de los precios ni el causante de la inflaci\u00f3n, sino el eslab\u00f3n m\u00e1s d\u00e9bil de una cadena compleja, din\u00e1mica y muchas veces con intereses en pugna que debieran ser concertados\", destacaron el escrito.<\/p>\n\n\n\n<p>Y concluyeron: \"Continuaremos en sesi\u00f3n permanente para seguir evaluando el estado de situaci\u00f3n y continuar expresando el reclamo y el enojo de productores no solo de carne vacuna, sino de otros numerosos productos de las econom\u00edas regionales y de producciones extensivas e intensivas, a los cuales tambi\u00e9n afectan profundamente las se\u00f1ales emitidas con tan err\u00f3nea medida\".<\/p>\n\n\n\n<p>En la noche del jueves el presidente Alberto Fern\u00e1ndez afirm\u00f3 que las exportaciones de carnes retornar\u00e1n cuando el Gobierno tenga \"resuelto el tema\" porque \"no puede faltar comida en la mesa de los argentinos\".<\/p>\n\n\n\n<p>\"Esper\u00e9 a los exportadores todo lo que ten\u00eda que esperar. Si se exporta el 30 por ciento de lo que se produce tenemos un problema enorme con los precios internos, y entonces si no se exporta habr\u00e1 m\u00e1s ofertas y los precios tender\u00e1n a bajar, de acuerdo a la l\u00f3gica del mercado\", subray\u00f3 el jefe de Estado en una entrevista.<\/p>\n\n\n\n<p>En el transcurso de la medida de fuerza, el Gobierno mantuvo reuniones con el sector exportador para destrabar el conflicto, pero no hubo contacto con la Mesa de Enlace.<\/p>\n\n\n\n<p>A su turno, el jefe de Gabinete, Santiago Cafiero, asegur\u00f3: \"se solicit\u00f3 al sector exportador de la carne que busque un precio adecuado. La negociaci\u00f3n por el precio de la carne es sencilla. Ya hace tiempo ven\u00edamos generando di\u00e1logo con el sector exportador para buscar un precio adecuado que se estacione en las posibilidades de los ingresos que tienen las familias argentinas\".<\/p>\n","protected":false},"excerpt":{"rendered":"<p>&nbsp;La Mesa de Enlace de entidades agropecuarias decidi\u00f3 este viernes extender el cese de comercializaci\u00f3n de carnes hasta el mi\u00e9rcoles que viene en rechazo a la decisi\u00f3n oficial de suspender las exportaciones de carne. En un principio, el lockout se iba a extender por 9 d\u00edas, pero esta medianoche los dirigentes del campo decidieron prolongarlo [&hellip;]<\/p>\n","protected":false},"author":5,"featured_media":299589,"comment_status":"open","ping_status":"open","sticky":false,"template":"","format":"standard","meta":{"_stopmodifiedupdate":false,"_modified_date":"","inline_featured_image":false},"categories":[676],"tags":[],"jetpack_featured_media_url":"https:\/\/notinor.com\/jujuy\/wp-content\/uploads\/2021\/05\/LOKAUT.jpg","_links":{"self":[{"href":"https:\/\/notinor.com\/jujuy\/wp-json\/wp\/v2\/posts\/299588"}],"collection":[{"href":"https:\/\/notinor.com\/jujuy\/wp-json\/wp\/v2\/posts"}],"about":[{"href":"https:\/\/notinor.com\/jujuy\/wp-json\/wp\/v2\/types\/post"}],"author":[{"embeddable":true,"href":"https:\/\/notinor.com\/jujuy\/wp-json\/wp\/v2\/users\/5"}],"replies":[{"embeddable":true,"href":"https:\/\/notinor.com\/jujuy\/wp-json\/wp\/v2\/comments?post=299588"}],"version-history":[{"count":1,"href":"https:\/\/notinor.com\/jujuy\/wp-json\/wp\/v2\/posts\/299588\/revisions"}],"predecessor-version":[{"id":299590,"href":"https:\/\/notinor.com\/jujuy\/wp-json\/wp\/v2\/posts\/299588\/revisions\/299590"}],"wp:featuredmedia":[{"embeddable":true,"href":"https:\/\/notinor.com\/jujuy\/wp-json\/wp\/v2\/media\/299589"}],"wp:attachment":[{"href":"https:\/\/notinor.com\/jujuy\/wp-json\/wp\/v2\/media?parent=299588"}],"wp:term":[{"taxonomy":"category","embeddable":true,"href":"https:\/\/notinor.com\/jujuy\/wp-json\/wp\/v2\/categories?post=299588"},{"taxonomy":"post_tag","embeddable":true,"href":"https:\/\/notinor.com\/jujuy\/wp-json\/wp\/v2\/tags?post=299588"}],"curies":[{"name":"wp","href":"https:\/\/api.w.org\/{rel}","templated":true}]}}