{"id":299584,"date":"2021-05-28T14:09:59","date_gmt":"2021-05-28T17:09:59","guid":{"rendered":"https:\/\/notinor.com\/jujuy\/?p=299584"},"modified":"2021-05-28T14:10:03","modified_gmt":"2021-05-28T17:10:03","slug":"cuatro-muertos-al-incendiarse-el-ala-para-pacientes-de-covid-19-en-el-hospital-de-aracaju","status":"publish","type":"post","link":"https:\/\/notinor.com\/jujuy\/cuatro-muertos-al-incendiarse-el-ala-para-pacientes-de-covid-19-en-el-hospital-de-aracaju\/","title":{"rendered":"Cuatro muertos al incendiarse el ala para pacientes de Covid-19 en el hospital de Aracaj\u00fa"},"content":{"rendered":"\n<p>Las llamas se iniciaron a las 6.30 un hospital de Aracaj\u00fa, la capital del estado de Sergipe, en el noreste del pa\u00eds. El siniestro gener\u00f3 corridas y gritos entre el personal de salud y los familiares de los pacientes, en medio de esos traslados de emergencia.<\/p>\n\n\n\n<figure class=\"wp-block-image size-large\"><img decoding=\"async\" loading=\"lazy\" width=\"689\" height=\"390\" src=\"https:\/\/notinor.com\/jujuy\/wp-content\/uploads\/2021\/05\/BRASIL-4.jpg\" alt=\"\" class=\"wp-image-299586\" srcset=\"https:\/\/notinor.com\/jujuy\/wp-content\/uploads\/2021\/05\/BRASIL-4.jpg 689w, https:\/\/notinor.com\/jujuy\/wp-content\/uploads\/2021\/05\/BRASIL-4-645x365.jpg 645w\" sizes=\"(max-width: 689px) 100vw, 689px\" \/><\/figure>\n\n\n\n<p>Cuatro personas murieron al incendiarse el sector para pacientes con coronavirus de un hospital de la ciudad de Aracaj\u00fa, capital del estado de Sergipe, noreste de Brasil, cuyo sistema sanitario est\u00e1 colapsado a causa del brote de la pandemia, informaron fuentes municipales.<\/p>\n\n\n\n<p>Las llamas se iniciaron a las 6.30 hora local (misma hora de Argentina) y fueron controladas en media hora, de acuerdo a los bomberos.<\/p>\n\n\n\n<p>Testigos relataron que el origen del fuego pudo haber sido por un cortocircuito del aire acondicionado, indicaron los bomberos.<\/p>\n\n\n\n<p>El canal GloboNews y el portal UOL informaron que cuatro personas fallecieron y que otras 35 fueron trasladadas a otros centros m\u00e9dicos.<\/p>\n\n\n\n<p>El siniestro gener\u00f3 corridas y gritos entre el personal de salud y los familiares de los pacientes, en medio de esos traslados de emergencia.<\/p>\n\n\n\n<p>El incendio ocurri\u00f3 en Hospital Municipal Zona Norte Doutor Nestor Piva, en la ciudad de Aracaj\u00fa, cuya ala especializada para pacientes con coronavirus hab\u00eda sido inaugurada hace dos semanas.<\/p>\n\n\n\n<p>El estado de Sergipe contabiliza 5.004 muertos en la pandemia y se encuentra en situaci\u00f3n cr\u00edtica por ocupaci\u00f3n de camas cercana al 100% y con fila de espera para pacientes con Covid-19.<\/p>\n","protected":false},"excerpt":{"rendered":"<p>Las llamas se iniciaron a las 6.30 un hospital de Aracaj\u00fa, la capital del estado de Sergipe, en el noreste del pa\u00eds. El siniestro gener\u00f3 corridas y gritos entre el personal de salud y los familiares de los pacientes, en medio de esos traslados de emergencia. Cuatro personas murieron al incendiarse el sector para pacientes [&hellip;]<\/p>\n","protected":false},"author":5,"featured_media":299585,"comment_status":"open","ping_status":"open","sticky":false,"template":"","format":"standard","meta":{"_stopmodifiedupdate":false,"_modified_date":"","inline_featured_image":false},"categories":[6],"tags":[],"jetpack_featured_media_url":"https:\/\/notinor.com\/jujuy\/wp-content\/uploads\/2021\/05\/BRASIL-3.jpg","_links":{"self":[{"href":"https:\/\/notinor.com\/jujuy\/wp-json\/wp\/v2\/posts\/299584"}],"collection":[{"href":"https:\/\/notinor.com\/jujuy\/wp-json\/wp\/v2\/posts"}],"about":[{"href":"https:\/\/notinor.com\/jujuy\/wp-json\/wp\/v2\/types\/post"}],"author":[{"embeddable":true,"href":"https:\/\/notinor.com\/jujuy\/wp-json\/wp\/v2\/users\/5"}],"replies":[{"embeddable":true,"href":"https:\/\/notinor.com\/jujuy\/wp-json\/wp\/v2\/comments?post=299584"}],"version-history":[{"count":1,"href":"https:\/\/notinor.com\/jujuy\/wp-json\/wp\/v2\/posts\/299584\/revisions"}],"predecessor-version":[{"id":299587,"href":"https:\/\/notinor.com\/jujuy\/wp-json\/wp\/v2\/posts\/299584\/revisions\/299587"}],"wp:featuredmedia":[{"embeddable":true,"href":"https:\/\/notinor.com\/jujuy\/wp-json\/wp\/v2\/media\/299585"}],"wp:attachment":[{"href":"https:\/\/notinor.com\/jujuy\/wp-json\/wp\/v2\/media?parent=299584"}],"wp:term":[{"taxonomy":"category","embeddable":true,"href":"https:\/\/notinor.com\/jujuy\/wp-json\/wp\/v2\/categories?post=299584"},{"taxonomy":"post_tag","embeddable":true,"href":"https:\/\/notinor.com\/jujuy\/wp-json\/wp\/v2\/tags?post=299584"}],"curies":[{"name":"wp","href":"https:\/\/api.w.org\/{rel}","templated":true}]}}