{"id":299575,"date":"2021-05-28T13:33:22","date_gmt":"2021-05-28T16:33:22","guid":{"rendered":"https:\/\/notinor.com\/jujuy\/?p=299575"},"modified":"2021-05-28T13:33:26","modified_gmt":"2021-05-28T16:33:26","slug":"mientras-el-viento-norte-azota-en-capital-la-puna-jujena-amanecio-bajo-nieve","status":"publish","type":"post","link":"https:\/\/notinor.com\/jujuy\/mientras-el-viento-norte-azota-en-capital-la-puna-jujena-amanecio-bajo-nieve\/","title":{"rendered":"Mientras el viento norte azota en capital, la Puna juje\u00f1a amaneci\u00f3 bajo nieve"},"content":{"rendered":"\n<p>Gran parte del sector oeste de nuestra Puna despert\u00f3 con los paisajes cubiertos de blanco.<\/p>\n\n\n\n<figure class=\"wp-block-image size-large\"><img decoding=\"async\" loading=\"lazy\" width=\"840\" height=\"472\" src=\"https:\/\/notinor.com\/jujuy\/wp-content\/uploads\/2021\/05\/nieve-en-la-puna-840x472.jpg\" alt=\"\" class=\"wp-image-299580\" srcset=\"https:\/\/notinor.com\/jujuy\/wp-content\/uploads\/2021\/05\/nieve-en-la-puna-840x472.jpg 840w, https:\/\/notinor.com\/jujuy\/wp-content\/uploads\/2021\/05\/nieve-en-la-puna-649x365.jpg 649w, https:\/\/notinor.com\/jujuy\/wp-content\/uploads\/2021\/05\/nieve-en-la-puna-500x280.jpg 500w, https:\/\/notinor.com\/jujuy\/wp-content\/uploads\/2021\/05\/nieve-en-la-puna-768x432.jpg 768w, https:\/\/notinor.com\/jujuy\/wp-content\/uploads\/2021\/05\/nieve-en-la-puna-750x422.jpg 750w, https:\/\/notinor.com\/jujuy\/wp-content\/uploads\/2021\/05\/nieve-en-la-puna.jpg 1080w\" sizes=\"(max-width: 840px) 100vw, 840px\" \/><\/figure>\n\n\n\n<p>Jujuy nunca de sorprender en cuanto a su enorme diversidad clim\u00e1tica. Este viernes, mientras la capital juje\u00f1a era azotada por fuertes r\u00e1fagas de viento norte, la Puna amaneci\u00f3 cubierta de nieve.<\/p>\n\n\n\n<p>Si bien es com\u00fan en esta \u00e9poca del a\u00f1o en la que nos aproximamos a la parte m\u00e1s cruda del fr\u00edo con la llegada del invierno, las postales no dejan de sorprender. Sucede que la nieve cay\u00f3 en abundancia en sectores del oeste de la Puna Juje\u00f1a.<\/p>\n\n\n\n<p>As\u00ed se encontraba Coranzul\u00ed en el departamento de Susques:<\/p>\n\n\n\n<figure class=\"wp-block-image size-large\"><img decoding=\"async\" loading=\"lazy\" width=\"840\" height=\"474\" src=\"https:\/\/notinor.com\/jujuy\/wp-content\/uploads\/2021\/05\/coranzuli-nevada-840x474.jpg\" alt=\"\" class=\"wp-image-299581\" srcset=\"https:\/\/notinor.com\/jujuy\/wp-content\/uploads\/2021\/05\/coranzuli-nevada-840x474.jpg 840w, https:\/\/notinor.com\/jujuy\/wp-content\/uploads\/2021\/05\/coranzuli-nevada-647x365.jpg 647w, https:\/\/notinor.com\/jujuy\/wp-content\/uploads\/2021\/05\/coranzuli-nevada-768x433.jpg 768w, https:\/\/notinor.com\/jujuy\/wp-content\/uploads\/2021\/05\/coranzuli-nevada-750x423.jpg 750w, https:\/\/notinor.com\/jujuy\/wp-content\/uploads\/2021\/05\/coranzuli-nevada.jpg 1080w\" sizes=\"(max-width: 840px) 100vw, 840px\" \/><\/figure>\n\n\n\n<p>Y as\u00ed Quebrale\u00f1a en Cochinoca:<\/p>\n\n\n\n<figure class=\"wp-block-image size-large\"><img decoding=\"async\" src=\"https:\/\/scontent.ftuc1-1.fna.fbcdn.net\/v\/t1.6435-9\/190187949_3794659670644250_2511106688513398463_n.jpg?_nc_cat=106&amp;ccb=1-3&amp;_nc_sid=8bfeb9&amp;_nc_eui2=AeGOHznI5gOivYYDQsONJxmWTX_5xaFkc9BNf_nFoWRz0Cnz5LqFg52NeUUZLbjnJTv6kxW32DbALZRDa3DdL7f5&amp;_nc_ohc=kFKe4-YgdtoAX-xUara&amp;_nc_ht=scontent.ftuc1-1.fna&amp;oh=3acbc5a851eb6c94090f39cfe2e54117&amp;oe=60D6DAB7\" alt=\"\"\/><\/figure>\n\n\n\n<p>Lagunillas del Farall\u00f3n departamento de Rinconada tambi\u00e9n si ti\u00f1\u00f3 de blanco el d\u00eda de ayer:<\/p>\n\n\n\n<figure class=\"wp-block-image size-large\"><img decoding=\"async\" src=\"https:\/\/scontent.ftuc1-1.fna.fbcdn.net\/v\/t1.6435-9\/190599951_4290493567649194_134234954453105533_n.jpg?_nc_cat=104&amp;ccb=1-3&amp;_nc_sid=8bfeb9&amp;_nc_eui2=AeE54X4J0KcL__gS_4Ju6OUpC-6pjhemNVAL7qmOF6Y1UB_zm6Nt5Um6UYDFTF0DdJR0ijF2pGylCzxC0Fj2AP0q&amp;_nc_ohc=QX36_vuUECIAX-Jh-hB&amp;_nc_ht=scontent.ftuc1-1.fna&amp;oh=e462a879d05e17711f05665e6c3cee1c&amp;oe=60D6BC8A\" alt=\"\"\/><\/figure>\n\n\n\n<p>Adem\u00e1s de estas localidades, tambi\u00e9n se registraron nevadas este viernes en el Paso de Jama, Olaroz Chico y en El Aguilar.<\/p>\n\n\n\n<p><em>Im\u00e1genes: Diario de Abra Pampa y La Quiaca al D\u00eda <\/em><\/p>\n","protected":false},"excerpt":{"rendered":"<p>Gran parte del sector oeste de nuestra Puna despert\u00f3 con los paisajes cubiertos de blanco. Jujuy nunca de sorprender en cuanto a su enorme diversidad clim\u00e1tica. Este viernes, mientras la capital juje\u00f1a era azotada por fuertes r\u00e1fagas de viento norte, la Puna amaneci\u00f3 cubierta de nieve. Si bien es com\u00fan en esta \u00e9poca del a\u00f1o [&hellip;]<\/p>\n","protected":false},"author":1,"featured_media":299580,"comment_status":"open","ping_status":"open","sticky":false,"template":"","format":"standard","meta":{"_stopmodifiedupdate":false,"_modified_date":"","inline_featured_image":false},"categories":[2],"tags":[],"jetpack_featured_media_url":"https:\/\/notinor.com\/jujuy\/wp-content\/uploads\/2021\/05\/nieve-en-la-puna.jpg","_links":{"self":[{"href":"https:\/\/notinor.com\/jujuy\/wp-json\/wp\/v2\/posts\/299575"}],"collection":[{"href":"https:\/\/notinor.com\/jujuy\/wp-json\/wp\/v2\/posts"}],"about":[{"href":"https:\/\/notinor.com\/jujuy\/wp-json\/wp\/v2\/types\/post"}],"author":[{"embeddable":true,"href":"https:\/\/notinor.com\/jujuy\/wp-json\/wp\/v2\/users\/1"}],"replies":[{"embeddable":true,"href":"https:\/\/notinor.com\/jujuy\/wp-json\/wp\/v2\/comments?post=299575"}],"version-history":[{"count":1,"href":"https:\/\/notinor.com\/jujuy\/wp-json\/wp\/v2\/posts\/299575\/revisions"}],"predecessor-version":[{"id":299582,"href":"https:\/\/notinor.com\/jujuy\/wp-json\/wp\/v2\/posts\/299575\/revisions\/299582"}],"wp:featuredmedia":[{"embeddable":true,"href":"https:\/\/notinor.com\/jujuy\/wp-json\/wp\/v2\/media\/299580"}],"wp:attachment":[{"href":"https:\/\/notinor.com\/jujuy\/wp-json\/wp\/v2\/media?parent=299575"}],"wp:term":[{"taxonomy":"category","embeddable":true,"href":"https:\/\/notinor.com\/jujuy\/wp-json\/wp\/v2\/categories?post=299575"},{"taxonomy":"post_tag","embeddable":true,"href":"https:\/\/notinor.com\/jujuy\/wp-json\/wp\/v2\/tags?post=299575"}],"curies":[{"name":"wp","href":"https:\/\/api.w.org\/{rel}","templated":true}]}}