{"id":299225,"date":"2021-05-26T11:56:26","date_gmt":"2021-05-26T14:56:26","guid":{"rendered":"https:\/\/notinor.com\/jujuy\/?p=299225"},"modified":"2021-05-26T11:56:31","modified_gmt":"2021-05-26T14:56:31","slug":"messi-llego-a-la-argentina-y-se-sumo-a-la-seleccion","status":"publish","type":"post","link":"https:\/\/notinor.com\/jujuy\/messi-llego-a-la-argentina-y-se-sumo-a-la-seleccion\/","title":{"rendered":"Messi lleg\u00f3 a la Argentina y se sum\u00f3 a la Selecci\u00f3n"},"content":{"rendered":"\n<p><strong>Lionel Messi<\/strong>\u00a0lleg\u00f3 esta ma\u00f1ana en su avi\u00f3n privado a la Argentina para sumarse a la Selecci\u00f3n, de cara a la doble fecha de\u00a0<strong>Eliminatorias Sudamericanas<\/strong>. La Pulga, que arrib\u00f3 junto a Rodrigo De Paul, ya se quedar\u00e1 en el pa\u00eds para disputar la\u00a0<strong>Copa Am\u00e9rica.<\/strong><\/p>\n\n\n\n<figure class=\"wp-block-image is-resized\"><img decoding=\"async\" loading=\"lazy\" src=\"https:\/\/media.tycsports.com\/files\/2021\/05\/25\/286030\/messi_416x234.jpg?v=1\" alt=\"MEssi\" width=\"976\" height=\"549\"\/><\/figure>\n\n\n\n<p>El combinado que dirige Lionel Scaloni recibir\u00e1&nbsp;<strong>el 3 de junio a Chile<\/strong>, en Santiago del Estero, mientras que<strong>&nbsp;el martes 8 visitar\u00e1 a Colombia<\/strong>, en Barranquilla (puede cambiar la sede por los inconvenientes en la regi\u00f3n). El otro certamen continental ser\u00e1 entre el 13 de junio y el 10 de julio.<br><br>Mientras tanto, Messi estar\u00e1 atento a lo que suceda en Barcelona. Su contrato finaliza el 30 de junio y por el momento&nbsp;<strong>no hubo confirmaci\u00f3n sobre su futuro<\/strong>, en tanto que tampoco se sabe si&nbsp;<strong>Ronald Koeman<\/strong>&nbsp;seguir\u00e1 en su cargo o si el conjunto catal\u00e1n tendr\u00e1 nuevo entrenador para la pr\u00f3xima temporada.<\/p>\n\n\n\n<h2>LA LISTA DE LA SELECCI\u00d3N PARA LAS ELIMINATORIAS<\/h2>\n\n\n\n<figure class=\"wp-block-image is-resized\"><img decoding=\"async\" loading=\"lazy\" src=\"https:\/\/media.tycsports.com\/files\/2021\/05\/26\/286223\/lista_w416.jpg\" alt=\"Lista\" width=\"764\" height=\"764\" title=\"Lista\"\/><\/figure>\n\n\n\n<p><a href=\"https:\/\/www.tycsports.com\/seleccion-argentina.html\">Selecci\u00f3n Argentina<\/a><\/p>\n","protected":false},"excerpt":{"rendered":"<p>Lionel Messi\u00a0lleg\u00f3 esta ma\u00f1ana en su avi\u00f3n privado a la Argentina para sumarse a la Selecci\u00f3n, de cara a la doble fecha de\u00a0Eliminatorias Sudamericanas. La Pulga, que arrib\u00f3 junto a Rodrigo De Paul, ya se quedar\u00e1 en el pa\u00eds para disputar la\u00a0Copa Am\u00e9rica. El combinado que dirige Lionel Scaloni recibir\u00e1&nbsp;el 3 de junio a Chile, [&hellip;]<\/p>\n","protected":false},"author":40,"featured_media":299226,"comment_status":"open","ping_status":"open","sticky":false,"template":"","format":"standard","meta":{"_stopmodifiedupdate":false,"_modified_date":"","inline_featured_image":false},"categories":[7],"tags":[],"jetpack_featured_media_url":"https:\/\/notinor.com\/jujuy\/wp-content\/uploads\/2021\/05\/messi_862x485-1.jpg","_links":{"self":[{"href":"https:\/\/notinor.com\/jujuy\/wp-json\/wp\/v2\/posts\/299225"}],"collection":[{"href":"https:\/\/notinor.com\/jujuy\/wp-json\/wp\/v2\/posts"}],"about":[{"href":"https:\/\/notinor.com\/jujuy\/wp-json\/wp\/v2\/types\/post"}],"author":[{"embeddable":true,"href":"https:\/\/notinor.com\/jujuy\/wp-json\/wp\/v2\/users\/40"}],"replies":[{"embeddable":true,"href":"https:\/\/notinor.com\/jujuy\/wp-json\/wp\/v2\/comments?post=299225"}],"version-history":[{"count":1,"href":"https:\/\/notinor.com\/jujuy\/wp-json\/wp\/v2\/posts\/299225\/revisions"}],"predecessor-version":[{"id":299227,"href":"https:\/\/notinor.com\/jujuy\/wp-json\/wp\/v2\/posts\/299225\/revisions\/299227"}],"wp:featuredmedia":[{"embeddable":true,"href":"https:\/\/notinor.com\/jujuy\/wp-json\/wp\/v2\/media\/299226"}],"wp:attachment":[{"href":"https:\/\/notinor.com\/jujuy\/wp-json\/wp\/v2\/media?parent=299225"}],"wp:term":[{"taxonomy":"category","embeddable":true,"href":"https:\/\/notinor.com\/jujuy\/wp-json\/wp\/v2\/categories?post=299225"},{"taxonomy":"post_tag","embeddable":true,"href":"https:\/\/notinor.com\/jujuy\/wp-json\/wp\/v2\/tags?post=299225"}],"curies":[{"name":"wp","href":"https:\/\/api.w.org\/{rel}","templated":true}]}}