{"id":298734,"date":"2021-05-20T20:34:03","date_gmt":"2021-05-20T23:34:03","guid":{"rendered":"https:\/\/notinor.com\/jujuy\/?p=298734"},"modified":"2021-05-20T20:34:07","modified_gmt":"2021-05-20T23:34:07","slug":"jujuy-fallecio-un-hombre-y-confirmaron-165-nuevos-casos-de-coronavirus","status":"publish","type":"post","link":"https:\/\/notinor.com\/jujuy\/jujuy-fallecio-un-hombre-y-confirmaron-165-nuevos-casos-de-coronavirus\/","title":{"rendered":"Jujuy: falleci\u00f3 un hombre y confirmaron 165 nuevos casos de coronavirus"},"content":{"rendered":"\n<p>La provincia alcanz\u00f3 los 26.753 contagios y 1.089 fallecimientos desde el inicio de la pandemia.<\/p>\n\n\n\n<figure class=\"wp-block-image size-large\"><img decoding=\"async\" loading=\"lazy\" width=\"840\" height=\"473\" src=\"https:\/\/notinor.com\/jujuy\/wp-content\/uploads\/2021\/04\/vacuna-covid-19-840x473.jpg\" alt=\"\" class=\"wp-image-295483\" srcset=\"https:\/\/notinor.com\/jujuy\/wp-content\/uploads\/2021\/04\/vacuna-covid-19-840x473.jpg 840w, https:\/\/notinor.com\/jujuy\/wp-content\/uploads\/2021\/04\/vacuna-covid-19-649x365.jpg 649w, https:\/\/notinor.com\/jujuy\/wp-content\/uploads\/2021\/04\/vacuna-covid-19-768x432.jpg 768w, https:\/\/notinor.com\/jujuy\/wp-content\/uploads\/2021\/04\/vacuna-covid-19-750x422.jpg 750w, https:\/\/notinor.com\/jujuy\/wp-content\/uploads\/2021\/04\/vacuna-covid-19-1140x641.jpg 1140w, https:\/\/notinor.com\/jujuy\/wp-content\/uploads\/2021\/04\/vacuna-covid-19.jpg 1200w\" sizes=\"(max-width: 840px) 100vw, 840px\" \/><\/figure>\n\n\n\n<p>La Subdirecci\u00f3n de Epidemiolog\u00eda inform\u00f3 en su reporte diario que hoy se confirmaron 165 nuevos casos de COVID-19 y un fallecimiento en Jujuy. Adem\u00e1s, recibieron el alta m\u00e9dica 19 pacientes.<\/p>\n\n\n\n<p><strong>Detalle de casos positivos seg\u00fan localidad:<\/strong><\/p>\n\n\n\n<p>SAN SALVADOR DE JUJUY 70<br>PALPAL\u00c1 16<br>PERICO 13<br>LIBERTADOR GENERAL SAN MART\u00cdN 11<br>HUMAHUACA 9<br>SAN PEDRO 7<br>TILCARA 6<br>ABRA PAMPA 6<br>MONTERRICO 4<br>YALA 4<br>EL CARMEN 3<br>LA QUIACA 3<br>FRAILE PINTADO 2<br>SUSQUES 2<br>HUACALERA 1<br>LA ESPERANZA 1<br>LA MENDIETA 1<br>LOS ALISOS 1<br>PAMPA BLANCA 1<br>PASTOS CHICOS 1<br>SAN FRANCISCO 1<br>TUMBAYA 1<br>VINALITO 1<\/p>\n\n\n\n<p><strong>Se notific\u00f3 1 fallecimiento por Covid-19:<\/strong> un hombre de 86 a\u00f1os de edad. Cabe aclarar que el fallecimiento reportado, es informado por el Registro Civil de la Provincia de Jujuy y corresponde al d\u00eda de hoy.<\/p>\n\n\n\n<p><strong>Estado de situaci\u00f3n desde el inicio de la pandemia:<\/strong><\/p>\n\n\n\n<p>Hasta el momento se realizaron 98.718 tests en toda la Provincia, arrojando un total de 26.753 casos positivos. Se recuperaron de la enfermedad 22.399. Fallecieron 1.089 personas.<\/p>\n\n\n\n<h4 class=\"has-text-align-center\"><strong><em>Ante el m\u00ednimo s\u00edntoma que tengas, qu\u00e9date en casa y consult\u00e1 con tu m\u00e9dico de cabecera o pod\u00e9s llamar al 0800-888-4767 las 24 horas o al 388 -4310494 (COE) de 08.00 a 20.00 hs.<\/em><\/strong><\/h4>\n","protected":false},"excerpt":{"rendered":"<p>La provincia alcanz\u00f3 los 26.753 contagios y 1.089 fallecimientos desde el inicio de la pandemia. La Subdirecci\u00f3n de Epidemiolog\u00eda inform\u00f3 en su reporte diario que hoy se confirmaron 165 nuevos casos de COVID-19 y un fallecimiento en Jujuy. Adem\u00e1s, recibieron el alta m\u00e9dica 19 pacientes. Detalle de casos positivos seg\u00fan localidad: SAN SALVADOR DE JUJUY [&hellip;]<\/p>\n","protected":false},"author":1,"featured_media":295483,"comment_status":"open","ping_status":"open","sticky":false,"template":"","format":"standard","meta":{"_stopmodifiedupdate":false,"_modified_date":"","inline_featured_image":false},"categories":[2],"tags":[],"jetpack_featured_media_url":"https:\/\/notinor.com\/jujuy\/wp-content\/uploads\/2021\/04\/vacuna-covid-19.jpg","_links":{"self":[{"href":"https:\/\/notinor.com\/jujuy\/wp-json\/wp\/v2\/posts\/298734"}],"collection":[{"href":"https:\/\/notinor.com\/jujuy\/wp-json\/wp\/v2\/posts"}],"about":[{"href":"https:\/\/notinor.com\/jujuy\/wp-json\/wp\/v2\/types\/post"}],"author":[{"embeddable":true,"href":"https:\/\/notinor.com\/jujuy\/wp-json\/wp\/v2\/users\/1"}],"replies":[{"embeddable":true,"href":"https:\/\/notinor.com\/jujuy\/wp-json\/wp\/v2\/comments?post=298734"}],"version-history":[{"count":1,"href":"https:\/\/notinor.com\/jujuy\/wp-json\/wp\/v2\/posts\/298734\/revisions"}],"predecessor-version":[{"id":298735,"href":"https:\/\/notinor.com\/jujuy\/wp-json\/wp\/v2\/posts\/298734\/revisions\/298735"}],"wp:featuredmedia":[{"embeddable":true,"href":"https:\/\/notinor.com\/jujuy\/wp-json\/wp\/v2\/media\/295483"}],"wp:attachment":[{"href":"https:\/\/notinor.com\/jujuy\/wp-json\/wp\/v2\/media?parent=298734"}],"wp:term":[{"taxonomy":"category","embeddable":true,"href":"https:\/\/notinor.com\/jujuy\/wp-json\/wp\/v2\/categories?post=298734"},{"taxonomy":"post_tag","embeddable":true,"href":"https:\/\/notinor.com\/jujuy\/wp-json\/wp\/v2\/tags?post=298734"}],"curies":[{"name":"wp","href":"https:\/\/api.w.org\/{rel}","templated":true}]}}