{"id":298730,"date":"2021-05-20T21:14:17","date_gmt":"2021-05-21T00:14:17","guid":{"rendered":"https:\/\/notinor.com\/jujuy\/?p=298730"},"modified":"2021-05-21T09:01:16","modified_gmt":"2021-05-21T12:01:16","slug":"podria-haber-un-gerardo-morales-presidente-si-tiene-que-haber-alguien-del-interior","status":"publish","type":"post","link":"https:\/\/notinor.com\/jujuy\/podria-haber-un-gerardo-morales-presidente-si-tiene-que-haber-alguien-del-interior\/","title":{"rendered":"\u00bfPodr\u00eda haber un Gerardo Morales presidente?: \"S\u00ed, tiene que haber alguien del interior\""},"content":{"rendered":"\n<p>El gobernador Gerardo Morales brind\u00f3 declaraciones exclusivas a Notinor luego de la presentaci\u00f3n del Frente Cambia Jujuy y <strong>no descart\u00f3 su candidatura presidencial para el a\u00f1o 2023.<\/strong><\/p>\n\n\n\n<figure class=\"wp-block-image size-large is-resized\"><img decoding=\"async\" loading=\"lazy\" src=\"https:\/\/notinor.com\/jujuy\/wp-content\/uploads\/2021\/05\/morales-banda-celeste.jpeg\" alt=\"\" class=\"wp-image-298732\" width=\"690\" height=\"538\"\/><\/figure>\n\n\n\n<p>Este jueves en horas de la tarde se realiz\u00f3 la presentaci\u00f3n del Frente Cambia Jujuy de cara a los comicios del pr\u00f3ximo 27 de junio, el partido oficialista buscar\u00e1 retener la mayor\u00eda en la Legislatura juje\u00f1a y ya oficializaron sus candidatos con el doctor Omar Guti\u00e9rrez a la cabeza.<\/p>\n\n\n\n<p>Bajo ese marco, el gobernador <strong>Gerardo Morales brind\u00f3 declaraciones exclusivas a <em>Notinor  <\/em>una vez concluida la presentaci\u00f3n del frente.<\/strong> <strong>All\u00ed, el mandatario dio la nota ratificando su deseo de llegar a la presidencia del pa\u00eds en el a\u00f1o 2023.<\/strong><\/p>\n\n\n\n<p>Consultado por la posibilidad de ver a un Gerardo Morales ocupando el m\u00e1ximo cargo nacional, el Gobernador afirm\u00f3 sin titubear: <strong>\"S\u00ed, debe haber alguien de interior. Hay que ir paso a paso e iremos viendo pero creo que la gente ya est\u00e1 agotada <strong>de aquellos que creen que porque gobiernan CABA ya conocen todo el pa\u00eds y la verdad es que no lo conocen<\/strong>\"<\/strong>.<\/p>\n\n\n\n<p><strong><em>Te puede interesar: <a href=\"https:\/\/notinor.com\/jujuy\/urgente-jujuy-solicitara-la-compra-de-un-millon-de-dosis-de-vacunas-sinopharm\/\">Jujuy solicit\u00f3 la compra de un mill\u00f3n de dosis de vacunas Sinopharm<\/a><\/em><\/strong><\/p>\n\n\n\n<p>En cuanto a la presentaci\u00f3n del frente, Morales destac\u00f3 a cada uno de los representantes de la lista. \"Estoy muy orgulloso de todo el grupo humano que tenemos, estamos con muchas ganas y nunca bajamos los brazos\".<\/p>\n\n\n\n<p><strong>\"Siempre existen problemas en todo \u00e1mbito de la vida, pero cuando nos caemos tenemos que levantarnos y seguir luchando. Por eso le pido al pueblo juje\u00f1o que hoy nos siga acompa\u00f1ando y la manera de hacerlo es manteniendo la mayor cantidad de diputados\", <\/strong>explic\u00f3 sobre las pr\u00f3ximas elecciones provinciales.<\/p>\n\n\n\n<p>Por su parte el principal candidato a diputado provincial por parte del oficialismo, <strong>el doctor Omar Guti\u00e9rrez,<\/strong> indic\u00f3 en declaraciones exclusivas que <strong>\"Jujuy consigui\u00f3 la paz social pero no es suficiente y debemos sostener el cambio en la matriz productiva\".<\/strong><\/p>\n\n\n\n<p><strong><em>Te puede interesar: <a href=\"https:\/\/notinor.com\/jujuy\/vacunas-para-jujuy-todos-los-que-tenemos-responsabilidades-politicas-debemos-apoyar-estas-decisiones\/\">\u00abTodos los que tenemos responsabilidades pol\u00edticas debemos apoyar estas decisiones\u00bb<\/a><\/em><\/strong><\/p>\n\n\n\n<p>\"Cuando hablo lo hago directamente a la gente que quiere salir de ese Jujuy antiguo en el que todos se peleaban y hab\u00eda calles cortadas; en ese entonces no hab\u00eda derecho a pensar distinto ya que eras amenazado. Es momento de que eso quede en el pasado y decid\u00ed brindar mi apoyo\", indic\u00f3.<\/p>\n\n\n\n<p>Asimismo, el titular del COE se refiri\u00f3 al cargo que ocupar\u00eda en caso de ganar la bancada: \"Estas elecciones son legislativas, por eso le transmito a la gente que yo no voy a formar parte del Ejecutivo aunque ellos s\u00ed necesitan  la aprobaci\u00f3n de las leyes necesarias para continuar con este cambio favorable para Jujuy y yo los voy a apoyar\".<\/p>\n\n\n\n<p><strong>LAS DECLARACIONES:<\/strong><\/p>\n\n\n\n<figure class=\"wp-block-video\"><video controls src=\"https:\/\/notinor.com\/jujuy\/wp-content\/uploads\/2021\/05\/Gerardo-Morales-declaraciones-acto-frente-cambia-jujuy-CORREGIDO.mp4\"><\/video><\/figure>\n","protected":false},"excerpt":{"rendered":"<p>El gobernador Gerardo Morales brind\u00f3 declaraciones exclusivas a Notinor luego de la presentaci\u00f3n del Frente Cambia Jujuy y no descart\u00f3 su candidatura presidencial para el a\u00f1o 2023. Este jueves en horas de la tarde se realiz\u00f3 la presentaci\u00f3n del Frente Cambia Jujuy de cara a los comicios del pr\u00f3ximo 27 de junio, el partido oficialista [&hellip;]<\/p>\n","protected":false},"author":1,"featured_media":298732,"comment_status":"open","ping_status":"open","sticky":false,"template":"","format":"standard","meta":{"_stopmodifiedupdate":false,"_modified_date":"","inline_featured_image":false},"categories":[2,501],"tags":[],"jetpack_featured_media_url":"https:\/\/notinor.com\/jujuy\/wp-content\/uploads\/2021\/05\/morales-banda-celeste-e1621553154556.jpeg","_links":{"self":[{"href":"https:\/\/notinor.com\/jujuy\/wp-json\/wp\/v2\/posts\/298730"}],"collection":[{"href":"https:\/\/notinor.com\/jujuy\/wp-json\/wp\/v2\/posts"}],"about":[{"href":"https:\/\/notinor.com\/jujuy\/wp-json\/wp\/v2\/types\/post"}],"author":[{"embeddable":true,"href":"https:\/\/notinor.com\/jujuy\/wp-json\/wp\/v2\/users\/1"}],"replies":[{"embeddable":true,"href":"https:\/\/notinor.com\/jujuy\/wp-json\/wp\/v2\/comments?post=298730"}],"version-history":[{"count":7,"href":"https:\/\/notinor.com\/jujuy\/wp-json\/wp\/v2\/posts\/298730\/revisions"}],"predecessor-version":[{"id":298778,"href":"https:\/\/notinor.com\/jujuy\/wp-json\/wp\/v2\/posts\/298730\/revisions\/298778"}],"wp:featuredmedia":[{"embeddable":true,"href":"https:\/\/notinor.com\/jujuy\/wp-json\/wp\/v2\/media\/298732"}],"wp:attachment":[{"href":"https:\/\/notinor.com\/jujuy\/wp-json\/wp\/v2\/media?parent=298730"}],"wp:term":[{"taxonomy":"category","embeddable":true,"href":"https:\/\/notinor.com\/jujuy\/wp-json\/wp\/v2\/categories?post=298730"},{"taxonomy":"post_tag","embeddable":true,"href":"https:\/\/notinor.com\/jujuy\/wp-json\/wp\/v2\/tags?post=298730"}],"curies":[{"name":"wp","href":"https:\/\/api.w.org\/{rel}","templated":true}]}}