{"id":298726,"date":"2021-05-20T18:38:09","date_gmt":"2021-05-20T21:38:09","guid":{"rendered":"https:\/\/notinor.com\/jujuy\/?p=298726"},"modified":"2021-05-20T18:38:14","modified_gmt":"2021-05-20T21:38:14","slug":"el-gobierno-nacional-restablecio-el-feriado-puente-del-24-de-mayo","status":"publish","type":"post","link":"https:\/\/notinor.com\/jujuy\/el-gobierno-nacional-restablecio-el-feriado-puente-del-24-de-mayo\/","title":{"rendered":"El Gobierno Nacional restableci\u00f3 el feriado puente del 24 de mayo"},"content":{"rendered":"\n<p>Debido al cambio en las restricciones, desde Casa Rosada modificaron la medida que postergaba el feriado puente.<\/p>\n\n\n\n<figure class=\"wp-block-image size-large\"><img decoding=\"async\" loading=\"lazy\" width=\"800\" height=\"432\" src=\"https:\/\/notinor.com\/jujuy\/wp-content\/uploads\/2017\/10\/casa-rosada-800x432.jpg\" alt=\"\" class=\"wp-image-140159\" srcset=\"https:\/\/notinor.com\/jujuy\/wp-content\/uploads\/2017\/10\/casa-rosada-800x432.jpg 800w, https:\/\/notinor.com\/jujuy\/wp-content\/uploads\/2017\/10\/casa-rosada-300x162.jpg 300w, https:\/\/notinor.com\/jujuy\/wp-content\/uploads\/2017\/10\/casa-rosada.jpg 1000w\" sizes=\"(max-width: 800px) 100vw, 800px\" \/><\/figure>\n\n\n\n<p>Con la decisi\u00f3n del Gobierno nacional de declarar nueve d\u00edas seguidos de confinamiento a partir de las 00 horas del s\u00e1bado y hasta el domingo 30 de mayo, se decidi\u00f3 dar marcha atr\u00e1s con la medida que se hab\u00eda tomado hace tan solo una semana y restablecer el feriado puente del 24 de mayo.<\/p>\n\n\n\n<p><strong>De esta manera, el pr\u00f3ximo lunes 24 (puente) y el martes 25 (D\u00eda de la Revoluci\u00f3n) ser\u00e1n feriados.<\/strong><\/p>\n\n\n\n<p>El mi\u00e9rcoles pasado el Gobierno hab\u00eda resuelto que lo mejor para evitar el movimiento de personas era postergar el d\u00eda festivo del 24 que hab\u00eda sido establecido en noviembre del a\u00f1o pasado con el decreto 947\/2020 para complementar el feriado del martes 25 de mayo. Se buscaba evitar que una gran cantidad de personas se movilice por el fin de semana largo luego de lo que sucedi\u00f3 en Semana Santa, cuando m\u00e1s de 4,2 millones de turistas viajaron por la Argentina.<\/p>\n\n\n\n<p><em>Fuente: Infobae<\/em><\/p>\n","protected":false},"excerpt":{"rendered":"<p>Debido al cambio en las restricciones, desde Casa Rosada modificaron la medida que postergaba el feriado puente. Con la decisi\u00f3n del Gobierno nacional de declarar nueve d\u00edas seguidos de confinamiento a partir de las 00 horas del s\u00e1bado y hasta el domingo 30 de mayo, se decidi\u00f3 dar marcha atr\u00e1s con la medida que se [&hellip;]<\/p>\n","protected":false},"author":1,"featured_media":140159,"comment_status":"open","ping_status":"open","sticky":false,"template":"","format":"standard","meta":{"_stopmodifiedupdate":false,"_modified_date":"","inline_featured_image":false},"categories":[5],"tags":[],"jetpack_featured_media_url":"https:\/\/notinor.com\/jujuy\/wp-content\/uploads\/2017\/10\/casa-rosada.jpg","_links":{"self":[{"href":"https:\/\/notinor.com\/jujuy\/wp-json\/wp\/v2\/posts\/298726"}],"collection":[{"href":"https:\/\/notinor.com\/jujuy\/wp-json\/wp\/v2\/posts"}],"about":[{"href":"https:\/\/notinor.com\/jujuy\/wp-json\/wp\/v2\/types\/post"}],"author":[{"embeddable":true,"href":"https:\/\/notinor.com\/jujuy\/wp-json\/wp\/v2\/users\/1"}],"replies":[{"embeddable":true,"href":"https:\/\/notinor.com\/jujuy\/wp-json\/wp\/v2\/comments?post=298726"}],"version-history":[{"count":1,"href":"https:\/\/notinor.com\/jujuy\/wp-json\/wp\/v2\/posts\/298726\/revisions"}],"predecessor-version":[{"id":298727,"href":"https:\/\/notinor.com\/jujuy\/wp-json\/wp\/v2\/posts\/298726\/revisions\/298727"}],"wp:featuredmedia":[{"embeddable":true,"href":"https:\/\/notinor.com\/jujuy\/wp-json\/wp\/v2\/media\/140159"}],"wp:attachment":[{"href":"https:\/\/notinor.com\/jujuy\/wp-json\/wp\/v2\/media?parent=298726"}],"wp:term":[{"taxonomy":"category","embeddable":true,"href":"https:\/\/notinor.com\/jujuy\/wp-json\/wp\/v2\/categories?post=298726"},{"taxonomy":"post_tag","embeddable":true,"href":"https:\/\/notinor.com\/jujuy\/wp-json\/wp\/v2\/tags?post=298726"}],"curies":[{"name":"wp","href":"https:\/\/api.w.org\/{rel}","templated":true}]}}