{"id":298721,"date":"2021-05-20T15:59:19","date_gmt":"2021-05-20T18:59:19","guid":{"rendered":"https:\/\/notinor.com\/jujuy\/?p=298721"},"modified":"2021-05-20T15:59:23","modified_gmt":"2021-05-20T18:59:23","slug":"alberto-fernandez-le-pidio-a-larreta-kicillof-y-gobernadores-redoblar-controles-y-cumplir-el-decreto","status":"publish","type":"post","link":"https:\/\/notinor.com\/jujuy\/alberto-fernandez-le-pidio-a-larreta-kicillof-y-gobernadores-redoblar-controles-y-cumplir-el-decreto\/","title":{"rendered":"Alberto Fern\u00e1ndez le pidi\u00f3 a Larreta, Kicillof y gobernadores \"redoblar controles y cumplir el decreto\""},"content":{"rendered":"\n<p>La Casa Rosada asegura que es el peor momento de la segunda ola de la pandemia del coronavirus. Este medio pudo saber que el gobierno nacional sostiene que hay que intensificar los controles, hacer cumplir el Decreto vigente y en la videoconferencia con gobernadores el Presidente, Alberto Fern\u00e1ndez les plante\u00f3 \u201credoblar esfuerzos para la prevenci\u00f3n de contagios y detener la circulaci\u00f3n del virus\u201d.<\/p>\n\n\n\n<figure class=\"wp-block-image size-large\"><img decoding=\"async\" loading=\"lazy\" width=\"799\" height=\"449\" src=\"https:\/\/notinor.com\/jujuy\/wp-content\/uploads\/2021\/05\/alberto-7.jpg\" alt=\"\" class=\"wp-image-298722\" srcset=\"https:\/\/notinor.com\/jujuy\/wp-content\/uploads\/2021\/05\/alberto-7.jpg 799w, https:\/\/notinor.com\/jujuy\/wp-content\/uploads\/2021\/05\/alberto-7-650x365.jpg 650w, https:\/\/notinor.com\/jujuy\/wp-content\/uploads\/2021\/05\/alberto-7-500x280.jpg 500w, https:\/\/notinor.com\/jujuy\/wp-content\/uploads\/2021\/05\/alberto-7-768x432.jpg 768w, https:\/\/notinor.com\/jujuy\/wp-content\/uploads\/2021\/05\/alberto-7-750x421.jpg 750w\" sizes=\"(max-width: 799px) 100vw, 799px\" \/><\/figure>\n\n\n\n<p>\u201cEl sistema de salud resisti\u00f3 \u2013 gracias al gran esfuerzo que se hizo para ponerlo a pleno -&nbsp; pero no podemos dejar crecer m\u00e1s los casos, sino no hay sistema de salud que aguante.&nbsp; Sostenemos lo que venimos diciendo. La \u00fanica manera de mejorar es reducir la circulaci\u00f3n\u201d, explicaron desde el Gobierno.<\/p>\n\n\n\n<p>En este sentido, pretenden que ahora sean los gobernadores y el jefe de Gobierno porte\u00f1o quienes tomen nuevas medidas. \u201cEse es el sentido de los DNU, ahora, depende de la voluntad de cada distrito en exigir el cumplimiento y controlar. Todos tienen que redoblar los esfuerzos en el control. El plan de vacunaci\u00f3n est\u00e1 avanzando a un buen ritmo. Llegaron casi 13 millones de vacunas y en los pr\u00f3ximos d\u00edas estamos recibiendo varios millones m\u00e1s de Astrazeneca, Sputnik y Covax\u201d, explicaron.<\/p>\n\n\n\n<p>El gobernador bonaerense Axel Kicillof plante\u00f3 que se van a \u201crespetar las decisiones del Presidente en esta emergencia sanitaria. Hoy estamos en lo peor de la pandemia. Con las medidas que se tomaron anticipadamente desde Naci\u00f3n evitamos una cat\u00e1strofe sanitaria\u201d.<\/p>\n\n\n\n<p>Por su parte, el jefe de Gobierno porte\u00f1o, Horacio Rodr\u00edguez Larreta asegur\u00f3: \u201cCoincidimos 100% en la gran preocupaci\u00f3n. Vuelven a subir los casos. Vamos a coordinar esfuerzos con Naci\u00f3n. Coincidimos en que hay que poner m\u00e1s restricciones. Mostrarnos juntos es un muy buen mensaje. Ser lo m\u00e1s restrictivo posible en el uso del transporte. Controlar m\u00e1s los gastron\u00f3micos y en el control de encuentros sociales y en espacios p\u00fablicos. Hay que eliminar las reuniones sociales puertas adentro\u201d.<\/p>\n\n\n\n<p>Seg\u00fan pudo saber PERFIL, en esta segunda ronda de consulta con 12 gobernadores, todos coincidieron en tomar medidas m\u00e1s estrictas. Entre lo que se dijo fue que \u201ces un momento cr\u00edtico\u201d, \u201cestamos sufriendo casos r\u00e9cord\u201d, \u201cest\u00e1 en juego la vida de los argentinos\u201d.<\/p>\n","protected":false},"excerpt":{"rendered":"<p>La Casa Rosada asegura que es el peor momento de la segunda ola de la pandemia del coronavirus. Este medio pudo saber que el gobierno nacional sostiene que hay que intensificar los controles, hacer cumplir el Decreto vigente y en la videoconferencia con gobernadores el Presidente, Alberto Fern\u00e1ndez les plante\u00f3 \u201credoblar esfuerzos para la prevenci\u00f3n [&hellip;]<\/p>\n","protected":false},"author":5,"featured_media":298722,"comment_status":"open","ping_status":"open","sticky":false,"template":"","format":"standard","meta":{"_stopmodifiedupdate":false,"_modified_date":"","inline_featured_image":false},"categories":[5],"tags":[],"jetpack_featured_media_url":"https:\/\/notinor.com\/jujuy\/wp-content\/uploads\/2021\/05\/alberto-7.jpg","_links":{"self":[{"href":"https:\/\/notinor.com\/jujuy\/wp-json\/wp\/v2\/posts\/298721"}],"collection":[{"href":"https:\/\/notinor.com\/jujuy\/wp-json\/wp\/v2\/posts"}],"about":[{"href":"https:\/\/notinor.com\/jujuy\/wp-json\/wp\/v2\/types\/post"}],"author":[{"embeddable":true,"href":"https:\/\/notinor.com\/jujuy\/wp-json\/wp\/v2\/users\/5"}],"replies":[{"embeddable":true,"href":"https:\/\/notinor.com\/jujuy\/wp-json\/wp\/v2\/comments?post=298721"}],"version-history":[{"count":1,"href":"https:\/\/notinor.com\/jujuy\/wp-json\/wp\/v2\/posts\/298721\/revisions"}],"predecessor-version":[{"id":298723,"href":"https:\/\/notinor.com\/jujuy\/wp-json\/wp\/v2\/posts\/298721\/revisions\/298723"}],"wp:featuredmedia":[{"embeddable":true,"href":"https:\/\/notinor.com\/jujuy\/wp-json\/wp\/v2\/media\/298722"}],"wp:attachment":[{"href":"https:\/\/notinor.com\/jujuy\/wp-json\/wp\/v2\/media?parent=298721"}],"wp:term":[{"taxonomy":"category","embeddable":true,"href":"https:\/\/notinor.com\/jujuy\/wp-json\/wp\/v2\/categories?post=298721"},{"taxonomy":"post_tag","embeddable":true,"href":"https:\/\/notinor.com\/jujuy\/wp-json\/wp\/v2\/tags?post=298721"}],"curies":[{"name":"wp","href":"https:\/\/api.w.org\/{rel}","templated":true}]}}