{"id":298198,"date":"2021-05-17T10:15:04","date_gmt":"2021-05-17T13:15:04","guid":{"rendered":"https:\/\/notinor.com\/jujuy\/?p=298198"},"modified":"2021-05-17T10:15:09","modified_gmt":"2021-05-17T13:15:09","slug":"el-descargo-del-lider-de-mala-fama-luego-del-video-en-donde-lo-acusan-de-manosear-a-su-nieta-es-un-acto-de-amor-yo-no-me-merezco-esto","status":"publish","type":"post","link":"https:\/\/notinor.com\/jujuy\/el-descargo-del-lider-de-mala-fama-luego-del-video-en-donde-lo-acusan-de-manosear-a-su-nieta-es-un-acto-de-amor-yo-no-me-merezco-esto\/","title":{"rendered":"El descargo del l\u00edder de Mala Fama, luego del video en donde lo acusan de manosear a su nieta: \u201cEs un acto de amor, yo no me merezco esto\u201d"},"content":{"rendered":"\n<p>Durante la noche del s\u00e1bado se viraliz\u00f3 en las redes sociales un video que tiene como protagonista a Hern\u00e1n Coronel, el l\u00edder de\u00a0<strong>Mala Fama.<\/strong>\u00a0En las im\u00e1genes se lo ve junto a\u00a0<strong>Mar\u00eda Palacios, la instagrammer m\u00e1s conocida como\u00a0<\/strong><em><strong>La Chabona<\/strong><\/em><strong>,\u00a0<\/strong>compartiendo una cena. Sin embargo, lo que preocup\u00f3 y mostr\u00f3 indignaci\u00f3n a los usuarios en Twitter fue que en una parte de la filmaci\u00f3n se lo ve al cantante teniendo sobre su regazo a su nieta sentada, con el brazo izquierdo la sostiene mientras que su mano derecha la tiene debajo de la remera de la menor.<\/p>\n\n\n\n<div class=\"wp-block-image\"><figure class=\"aligncenter is-resized\"><img decoding=\"async\" loading=\"lazy\" src=\"https:\/\/i1.wp.com\/opinionfrontal.com\/wp-content\/uploads\/2021\/05\/mala-fama-1.jpg?resize=696%2C392&amp;ssl=1\" alt=\"Mala Fama enfermo&quot;: acusan de abuso al cantante por un video con su nieta |  Opini\u00f3n Frontal\" width=\"1024\" height=\"577\"\/><\/figure><\/div>\n\n\n\n<p><strong>\u201cAc\u00e1 estamos loco, compartiendo un re guiso con el compa Mala Fama\u201d,&nbsp;<\/strong>se escucha decir a Palacios en el video publicado y replicado una y otra vez por ciento de personas. Por su parte, Coronel agrega: \u201cEl guiso va con torta fritas porque est\u00e1 Ricardo Rub\u00e9n\u201d, en alusi\u00f3n a uno de las personas presentes que estaban compartiendo la comida. \u201cAguante Mala Fama loco\u201d, concluye el material, filmado con un celular y publicado por&nbsp;<strong>Christian Manzanelli<\/strong>, representante de La Chabona que lo comparti\u00f3 en su cuenta de Instagram. Tras los comentarios negativos, las im\u00e1genes fueron borradas, pero no tardaron en viralizarse.<\/p>\n\n\n\n<p>El hashtag&nbsp;<strong>#MalaFamaEnfermo&nbsp;<\/strong>se volvi\u00f3 tendencia. \u201cEl video es muy claro, tiene la mano por debajo de la remera de la nena y no le est\u00e1 tocando la axila precisamente, sino su pecho. La cara de incomodidad de esa criatura lo dice todo\u201d, \u201c\u00bfQu\u00e9 tan enfermo ten\u00e9s que estar manosear as\u00ed a una nena Hern\u00e1n Luis Coronel, mejor conocido como \u2018Mala Fama\u2019?\u201d,&nbsp;<strong>\u201cDegenerado, enfermo mental\u201d,<\/strong>&nbsp;fueron algunos de los comentarios que pod\u00edan leerse en la red social. Adem\u00e1s, hubo quienes cuestionaron a Mar\u00eda Palacios por no intervenir.<\/p>\n\n\n\n<p>Tras las fuertes repercusiones, Hern\u00e1n Coronel, el l\u00edder de Mala Fama, sali\u00f3 a defenderse en la pantalla de Cr\u00f3nica TV donde los conductores del noticiero le pidieron si pod\u00eda aclarar lo sucedido<mark><strong>. \u201cNo hay nada que aclarar, si ven el video todo lo que pas\u00f3 ah\u00ed es un acto de amor y de paciencia. A esa ni\u00f1a yo no la estaba manoseando, a esa ni\u00f1a yo la crio desde que naci\u00f3 y es mi mayor orgullo. Lo mejor que hice en mi vida fue cuidar, amar y protegerla porque yo toda la vida voy a estar\u201d<\/strong>,<\/mark>\u00a0comenz\u00f3 diciendo.<\/p>\n\n\n\n<p>\u201cLa nena quer\u00eda estar conmigo y me dec\u00eda \u2018Mala Fama quiero estar con vos\u2019 y yo le dec\u00eda \u2018and\u00e1 que estamos fumando\u2019, pero ante la insistencia apagu\u00e9 el cigarrillo, la sent\u00e9 en mis piernas y estuvimos como una hora hablando. En un momento filmaron ese video cuando yo la estaba abrazando\u201d, relat\u00f3 el cantante sobre el repudi\u00f3 que gener\u00f3 ese momento de la filmaci\u00f3n en las redes.<\/p>\n\n\n\n<p>A su vez, recalc\u00f3 que los cuestionamientos son \u201cmaliciosos\u201d y trat\u00f3 de \u201cratas\u201d a la gente que se encarg\u00f3 de difundir y comentar el clip. \u201cEl tiempo que me quede de mi vida, aparte de seguir amando y cuidando a mis nietas porque las cuido y las crio yo, me voy a encargar de que los maliciosos que est\u00e1n haciendo esto se arrepientan\u201d.<\/p>\n\n\n\n<p>\u201cYo no me merezco esto, mi gente no se merece esto y est\u00e1n hablando de malicia porque nunca vinieron a mi casa, no me conocen y tampoco saben la historia que yo tengo con mis nietas y con mi gente\u201d, sostuvo angustiado. \u201cNo tengo mucho que aclarar\u201d, reiter\u00f3 Castillo.<\/p>\n\n\n\n<p>Luego, Hern\u00e1n revel\u00f3 que la menor se llama Victoria y que su padre la abandon\u00f3 cuando era beb\u00e9. \u201cLa cri\u00e9 y la proteg\u00ed de las ratas, de los accidentes y de los degenerados, y voy a estar siempre yo. No digan esas giladas porque Victoria fue siempre muy cuidada y se le dio mucho amor\u201d.<\/p>\n","protected":false},"excerpt":{"rendered":"<p>Durante la noche del s\u00e1bado se viraliz\u00f3 en las redes sociales un video que tiene como protagonista a Hern\u00e1n Coronel, el l\u00edder de\u00a0Mala Fama.\u00a0En las im\u00e1genes se lo ve junto a\u00a0Mar\u00eda Palacios, la instagrammer m\u00e1s conocida como\u00a0La Chabona,\u00a0compartiendo una cena. Sin embargo, lo que preocup\u00f3 y mostr\u00f3 indignaci\u00f3n a los usuarios en Twitter fue que [&hellip;]<\/p>\n","protected":false},"author":40,"featured_media":298201,"comment_status":"open","ping_status":"open","sticky":false,"template":"","format":"standard","meta":{"_stopmodifiedupdate":false,"_modified_date":"","inline_featured_image":false},"categories":[21],"tags":[],"jetpack_featured_media_url":"https:\/\/notinor.com\/jujuy\/wp-content\/uploads\/2021\/05\/mala-fama-1.jpg","_links":{"self":[{"href":"https:\/\/notinor.com\/jujuy\/wp-json\/wp\/v2\/posts\/298198"}],"collection":[{"href":"https:\/\/notinor.com\/jujuy\/wp-json\/wp\/v2\/posts"}],"about":[{"href":"https:\/\/notinor.com\/jujuy\/wp-json\/wp\/v2\/types\/post"}],"author":[{"embeddable":true,"href":"https:\/\/notinor.com\/jujuy\/wp-json\/wp\/v2\/users\/40"}],"replies":[{"embeddable":true,"href":"https:\/\/notinor.com\/jujuy\/wp-json\/wp\/v2\/comments?post=298198"}],"version-history":[{"count":1,"href":"https:\/\/notinor.com\/jujuy\/wp-json\/wp\/v2\/posts\/298198\/revisions"}],"predecessor-version":[{"id":298202,"href":"https:\/\/notinor.com\/jujuy\/wp-json\/wp\/v2\/posts\/298198\/revisions\/298202"}],"wp:featuredmedia":[{"embeddable":true,"href":"https:\/\/notinor.com\/jujuy\/wp-json\/wp\/v2\/media\/298201"}],"wp:attachment":[{"href":"https:\/\/notinor.com\/jujuy\/wp-json\/wp\/v2\/media?parent=298198"}],"wp:term":[{"taxonomy":"category","embeddable":true,"href":"https:\/\/notinor.com\/jujuy\/wp-json\/wp\/v2\/categories?post=298198"},{"taxonomy":"post_tag","embeddable":true,"href":"https:\/\/notinor.com\/jujuy\/wp-json\/wp\/v2\/tags?post=298198"}],"curies":[{"name":"wp","href":"https:\/\/api.w.org\/{rel}","templated":true}]}}