{"id":298193,"date":"2021-05-17T10:09:19","date_gmt":"2021-05-17T13:09:19","guid":{"rendered":"https:\/\/notinor.com\/jujuy\/?p=298193"},"modified":"2021-05-17T10:09:24","modified_gmt":"2021-05-17T13:09:24","slug":"otra-provincia-endurece-restricciones-y-suspende-las-clases-presenciales","status":"publish","type":"post","link":"https:\/\/notinor.com\/jujuy\/otra-provincia-endurece-restricciones-y-suspende-las-clases-presenciales\/","title":{"rendered":"Otra provincia endurece restricciones y suspende las clases presenciales"},"content":{"rendered":"\n<p>Ante el aumento de contagios, un distrito norte\u00f1o gobernado por un mandatario aliado a la Casa Rosada tom\u00f3 nuevas medidas en algunas ciudades importantes.<\/p>\n\n\n\n<figure class=\"wp-block-image size-large\"><img decoding=\"async\" loading=\"lazy\" width=\"681\" height=\"480\" src=\"https:\/\/notinor.com\/jujuy\/wp-content\/uploads\/2021\/05\/Santiago-del-Estero-681x480.jpg\" alt=\"\" class=\"wp-image-298196\" srcset=\"https:\/\/notinor.com\/jujuy\/wp-content\/uploads\/2021\/05\/Santiago-del-Estero-681x480.jpg 681w, https:\/\/notinor.com\/jujuy\/wp-content\/uploads\/2021\/05\/Santiago-del-Estero-518x365.jpg 518w, https:\/\/notinor.com\/jujuy\/wp-content\/uploads\/2021\/05\/Santiago-del-Estero-120x86.jpg 120w, https:\/\/notinor.com\/jujuy\/wp-content\/uploads\/2021\/05\/Santiago-del-Estero.jpg 699w\" sizes=\"(max-width: 681px) 100vw, 681px\" \/><\/figure>\n\n\n\n<p>Ante el aumento de casos de coronavirus en Santiago del Estero y de la ocupaci\u00f3n de camas Covid UTI-UCI que lleg\u00f3 al 90%, desde el Comit\u00e9 de Emergencia se dispuso a partir de este lunes reducir el horario de circulaci\u00f3n en toda la provincia, y desde ma\u00f1ana martes quedar\u00e1n suspendidos el transporte p\u00fablico de pasajeros en Capital y La Banda, y las clases presenciales en ambas ciudades y en Las Termas de R\u00edo Hondo.<\/p>\n\n\n\n<p>\"Nos encontramos atravesando un nivel cr\u00edtico en la propagaci\u00f3n del Covid, con las consecuencias que eso implica\", indicaron en un comunicado oficial el jefe de Gabinete de Ministros, El\u00edas Su\u00e1rez y la ministra de Salud, Natividad Nassif.<\/p>\n\n\n\n<p>\"Atento a la situaci\u00f3n epidemiol\u00f3gica se ha dispuesto reducir el horario de circulaci\u00f3n en toda la provincia, entre las 22 a 6, a partir de hoy hasta el 28 del corriente mes inclusive\", explicaron.<\/p>\n\n\n\n<p>A la vez, se dispuso suspensi\u00f3n del transporte p\u00fablico de pasajeros en las ciudades de Santiago del Estero y La Banda desde este martes hasta el 28 de mayo inclusive.<\/p>\n\n\n\n<p>En cuanto a las clases, la presencialidad quedar\u00e1 temporalmente suspendida desde tambi\u00e9n hasta el 28 de mayo, tanto en la capital provincial como en las ciudades de La Banda y Termas de R\u00edo Hondo.<\/p>\n\n\n\n<p>Estas tres ciudades se suman en la suspensi\u00f3n de clases presenciales a Nueva Esperanza, Los Telares y Suncho Corral, lugares del interior provincial en donde ya desde la semana pasada fueron suspendidas por el aumento de casos coronavirus.<\/p>\n\n\n\n<p>En la reuni\u00f3n del COE, que estuvo encabezado por el gobernador santiague\u00f1o Gerardo Zamora, los ministros de las diferentes \u00e1reas analizaron el avance de contagios que se registr\u00f3 en esta \u00faltima semana, por lo que tomaron estas medidas con el fin de evitar una mayor propagaci\u00f3n del virus.<\/p>\n\n\n\n<p>A la vez dieron a conocer que el porcentaje de ocupaci\u00f3n de camas Covid, en las UTI \u2013UCI es del 90%, al respecto manifestaron que \"esta semana quedar\u00e1n habilitadas 40 camas nuevas para pacientes cr\u00edticos, con lo cual se incrementar\u00eda un 20% esa capacidad\".<\/p>\n\n\n\n<p>En otro orden, informaron que \"desde el lunes 10\/05 al domingo 16\/05 inclusive, el n\u00famero de casos fue de 2.826 positivos y el promedio diario de contagios en estos 7 d\u00edas fue de 404\".<\/p>\n\n\n\n<p>Los funcionarios puntualizaron que desde este lunes se continuar\u00e1 con el programa de vacunaci\u00f3n a personas mayores de 70 a\u00f1os y personas con factores de riesgo de 18 a 59 a\u00f1os, como as\u00ed tambi\u00e9n el personal de seguridad y docente.<\/p>\n\n\n\n<p>Finalmente exhortaron a todos los santiague\u00f1os \"al cumplimiento de todas las medidas preventivas, evitando sobre todo, las actividades que favorezcan la transmisi\u00f3n viral por contacto estrecho prolongado como son las reuniones sociales o contactos estrechos con personas que no sean del grupo familiar conviviente, recordando que est\u00e1n prohibidas las reuniones sociales en casas de familia\".<\/p>\n","protected":false},"excerpt":{"rendered":"<p>Ante el aumento de contagios, un distrito norte\u00f1o gobernado por un mandatario aliado a la Casa Rosada tom\u00f3 nuevas medidas en algunas ciudades importantes. Ante el aumento de casos de coronavirus en Santiago del Estero y de la ocupaci\u00f3n de camas Covid UTI-UCI que lleg\u00f3 al 90%, desde el Comit\u00e9 de Emergencia se dispuso a [&hellip;]<\/p>\n","protected":false},"author":5,"featured_media":298196,"comment_status":"open","ping_status":"open","sticky":false,"template":"","format":"standard","meta":{"_stopmodifiedupdate":false,"_modified_date":"","inline_featured_image":false},"categories":[5],"tags":[],"jetpack_featured_media_url":"https:\/\/notinor.com\/jujuy\/wp-content\/uploads\/2021\/05\/Santiago-del-Estero.jpg","_links":{"self":[{"href":"https:\/\/notinor.com\/jujuy\/wp-json\/wp\/v2\/posts\/298193"}],"collection":[{"href":"https:\/\/notinor.com\/jujuy\/wp-json\/wp\/v2\/posts"}],"about":[{"href":"https:\/\/notinor.com\/jujuy\/wp-json\/wp\/v2\/types\/post"}],"author":[{"embeddable":true,"href":"https:\/\/notinor.com\/jujuy\/wp-json\/wp\/v2\/users\/5"}],"replies":[{"embeddable":true,"href":"https:\/\/notinor.com\/jujuy\/wp-json\/wp\/v2\/comments?post=298193"}],"version-history":[{"count":1,"href":"https:\/\/notinor.com\/jujuy\/wp-json\/wp\/v2\/posts\/298193\/revisions"}],"predecessor-version":[{"id":298197,"href":"https:\/\/notinor.com\/jujuy\/wp-json\/wp\/v2\/posts\/298193\/revisions\/298197"}],"wp:featuredmedia":[{"embeddable":true,"href":"https:\/\/notinor.com\/jujuy\/wp-json\/wp\/v2\/media\/298196"}],"wp:attachment":[{"href":"https:\/\/notinor.com\/jujuy\/wp-json\/wp\/v2\/media?parent=298193"}],"wp:term":[{"taxonomy":"category","embeddable":true,"href":"https:\/\/notinor.com\/jujuy\/wp-json\/wp\/v2\/categories?post=298193"},{"taxonomy":"post_tag","embeddable":true,"href":"https:\/\/notinor.com\/jujuy\/wp-json\/wp\/v2\/tags?post=298193"}],"curies":[{"name":"wp","href":"https:\/\/api.w.org\/{rel}","templated":true}]}}