{"id":298169,"date":"2021-05-17T09:45:03","date_gmt":"2021-05-17T12:45:03","guid":{"rendered":"https:\/\/notinor.com\/jujuy\/?p=298169"},"modified":"2021-05-17T09:45:06","modified_gmt":"2021-05-17T12:45:06","slug":"la-semana-inicia-con-soluna-maxima-de-23-y-probabilidades-de-lluvia","status":"publish","type":"post","link":"https:\/\/notinor.com\/jujuy\/la-semana-inicia-con-soluna-maxima-de-23-y-probabilidades-de-lluvia\/","title":{"rendered":"La semana inicia con sol,una m\u00e1xima de 23\u00b0 y probabilidades de lluvia"},"content":{"rendered":"\n<p>Jujuy amaneci\u00f3 con sol pero El reporte del Servicio Meteorol\u00f3gico Nacional informa la probabilidad de lloviznas por la tarde -noche.<\/p>\n\n\n\n<figure class=\"wp-block-image\"><img decoding=\"async\" src=\"https:\/\/notinor.com\/jujuy\/wp-content\/uploads\/2017\/11\/san-salvador-de-jujuy.jpg\" alt=\"san salvador de jujuy \u2013 Notinor Jujuy\"\/><\/figure>\n\n\n\n<p>El lunes arranc\u00f3 con el sol reinante sobre la capital juje\u00f1a, la m\u00e1xima para hoy se estima que llegar\u00eda a los 23\u00ba, mientras que la m\u00ednima marc\u00f3 13\u00ba. Por la tarde - noche, hay probabilidad de lloviznas aisladas.<\/p>\n\n\n\n<p><\/p>\n","protected":false},"excerpt":{"rendered":"<p>Jujuy amaneci\u00f3 con sol pero El reporte del Servicio Meteorol\u00f3gico Nacional informa la probabilidad de lloviznas por la tarde -noche. El lunes arranc\u00f3 con el sol reinante sobre la capital juje\u00f1a, la m\u00e1xima para hoy se estima que llegar\u00eda a los 23\u00ba, mientras que la m\u00ednima marc\u00f3 13\u00ba. Por la tarde - noche, hay probabilidad [&hellip;]<\/p>\n","protected":false},"author":40,"featured_media":298173,"comment_status":"open","ping_status":"open","sticky":false,"template":"","format":"standard","meta":{"_stopmodifiedupdate":false,"_modified_date":"","inline_featured_image":false},"categories":[514],"tags":[],"jetpack_featured_media_url":"https:\/\/notinor.com\/jujuy\/wp-content\/uploads\/2021\/05\/san-salvador-de-jujuy.jpg","_links":{"self":[{"href":"https:\/\/notinor.com\/jujuy\/wp-json\/wp\/v2\/posts\/298169"}],"collection":[{"href":"https:\/\/notinor.com\/jujuy\/wp-json\/wp\/v2\/posts"}],"about":[{"href":"https:\/\/notinor.com\/jujuy\/wp-json\/wp\/v2\/types\/post"}],"author":[{"embeddable":true,"href":"https:\/\/notinor.com\/jujuy\/wp-json\/wp\/v2\/users\/40"}],"replies":[{"embeddable":true,"href":"https:\/\/notinor.com\/jujuy\/wp-json\/wp\/v2\/comments?post=298169"}],"version-history":[{"count":1,"href":"https:\/\/notinor.com\/jujuy\/wp-json\/wp\/v2\/posts\/298169\/revisions"}],"predecessor-version":[{"id":298174,"href":"https:\/\/notinor.com\/jujuy\/wp-json\/wp\/v2\/posts\/298169\/revisions\/298174"}],"wp:featuredmedia":[{"embeddable":true,"href":"https:\/\/notinor.com\/jujuy\/wp-json\/wp\/v2\/media\/298173"}],"wp:attachment":[{"href":"https:\/\/notinor.com\/jujuy\/wp-json\/wp\/v2\/media?parent=298169"}],"wp:term":[{"taxonomy":"category","embeddable":true,"href":"https:\/\/notinor.com\/jujuy\/wp-json\/wp\/v2\/categories?post=298169"},{"taxonomy":"post_tag","embeddable":true,"href":"https:\/\/notinor.com\/jujuy\/wp-json\/wp\/v2\/tags?post=298169"}],"curies":[{"name":"wp","href":"https:\/\/api.w.org\/{rel}","templated":true}]}}