{"id":298157,"date":"2021-05-17T09:18:53","date_gmt":"2021-05-17T12:18:53","guid":{"rendered":"https:\/\/notinor.com\/jujuy\/?p=298157"},"modified":"2021-05-17T09:19:24","modified_gmt":"2021-05-17T12:19:24","slug":"jujuy-sera-cabecera-de-reunion-de-la-mesa-del-litio","status":"publish","type":"post","link":"https:\/\/notinor.com\/jujuy\/jujuy-sera-cabecera-de-reunion-de-la-mesa-del-litio\/","title":{"rendered":"Jujuy ser\u00e1 cabecera de reuni\u00f3n de la Mesa del Litio"},"content":{"rendered":"\n<p>Tras la firma del morando de entendimiento celebrado entre Jujuy, Naci\u00f3n y la compa\u00f1\u00eda Ganfeng Lithium para fabricar bater\u00edas de litio en nuestra provincia, la Mesa del Litio se constituir\u00e1 para tratar los alcances de documento de referencia, el cual representa una verdadera oportunidad de crecimiento econ\u00f3mico, laboral, social, cient\u00edfico y tecnol\u00f3gico.<\/p>\n\n\n\n<div class=\"wp-block-image\"><figure class=\"aligncenter size-large is-resized\"><img decoding=\"async\" loading=\"lazy\" src=\"https:\/\/notinor.com\/jujuy\/wp-content\/uploads\/2021\/05\/batakis-con-gobernadores-del-norte-Mesa-del-litio-720x480.jpg\" alt=\"\" class=\"wp-image-298160\" width=\"995\" height=\"663\" srcset=\"https:\/\/notinor.com\/jujuy\/wp-content\/uploads\/2021\/05\/batakis-con-gobernadores-del-norte-Mesa-del-litio-720x480.jpg 720w, https:\/\/notinor.com\/jujuy\/wp-content\/uploads\/2021\/05\/batakis-con-gobernadores-del-norte-Mesa-del-litio-548x365.jpg 548w, https:\/\/notinor.com\/jujuy\/wp-content\/uploads\/2021\/05\/batakis-con-gobernadores-del-norte-Mesa-del-litio-768x512.jpg 768w, https:\/\/notinor.com\/jujuy\/wp-content\/uploads\/2021\/05\/batakis-con-gobernadores-del-norte-Mesa-del-litio-750x500.jpg 750w, https:\/\/notinor.com\/jujuy\/wp-content\/uploads\/2021\/05\/batakis-con-gobernadores-del-norte-Mesa-del-litio-1140x760.jpg 1140w, https:\/\/notinor.com\/jujuy\/wp-content\/uploads\/2021\/05\/batakis-con-gobernadores-del-norte-Mesa-del-litio.jpg 1280w\" sizes=\"(max-width: 995px) 100vw, 995px\" \/><\/figure><\/div>\n\n\n\n<p><strong>En los primeros d\u00edas de junio pr\u00f3ximo, Jujuy ser\u00e1 cabecera de una reuni\u00f3n de la Mesa del Litio, espacio que abordar\u00e1 los alcances del memor\u00e1ndum rubricado con Ganfeng para la instalaci\u00f3n de una f\u00e1brica de bater\u00edas de litio en nuestra provincia<\/strong>, como as\u00ed tambi\u00e9n los pasos a seguir para la efectivizaci\u00f3n de las intenciones de inversi\u00f3n y desarrollo plasmadas en dicho documento.<\/p>\n\n\n\n<p>Estar\u00e1n presentes todos los actores del rubro, convocados para enriquecer mesas de trabajo que constituir\u00e1n el primer encuentro de estas caracter\u00edsticas de la Mesa del Litio, tras dos reuniones anteriores de car\u00e1cter fundacional y protocolar realizadas en Salta y Buenos Aires, respectivamente.<\/p>\n\n\n\n<p>\u201cDamos un buen paso que proyecta un gran futuro\u201d, afirm\u00f3 el gobernador Gerardo Morales en relaci\u00f3n al memorando y destac\u00f3 que \u201cno solo abre puertas a la llegada de m\u00e1s inversiones, sino tambi\u00e9n al desarrollo de la cadena de valor\u201d.<\/p>\n\n\n\n<p>\u201cAhora es calve contar con una ley de movilidad el\u00e9ctrica que permita un mayor crecimiento cient\u00edfico y tecnol\u00f3gico\u201d, asever\u00f3.<\/p>\n\n\n\n<p>Remarc\u00f3 que \u201cse trata de un acuerdo trascendente que reafirma la decisi\u00f3n de compa\u00f1\u00eda Ganfeng Lithium de tener presencia en Jujuy con m\u00e1s inversiones\u201d y se\u00f1al\u00f3 que Ganfeng \u201ces una de las compa\u00f1\u00edas chinas m\u00e1s importantes del mundo que ya fabrica bater\u00edas de litio en su pa\u00eds y que tambi\u00e9n invierte en Jujuy a trav\u00e9s de Exar\u201d.<\/p>\n\n\n\n<p>A su turno, el ministro de Desarrollo Econ\u00f3mico y Producci\u00f3n, Exequiel Lello Ivacevich, dijo que el memor\u00e1ndum \u201cpatentiza el rol protag\u00f3nico alcanzado por Jujuy en el mundo de la producci\u00f3n de litio\u201d y a\u00f1adi\u00f3 que \u201cese posicionamiento estrat\u00e9gico, reconocido a nivel mundial, abre otras oportunidades de crecimiento, entre ellas la posibilidad de industrializar localmente el mineral que se extrae de la Puna juje\u00f1a, en este caso a trav\u00e9s de la fabricaci\u00f3n de bater\u00edas de litio para aplicarlas a la nueva matriz del transporte basada en la electromovilidad\u201d.<\/p>\n\n\n\n<p>En cuanto a la reuni\u00f3n de la Mesa del Litio, indic\u00f3 que \u201cse prev\u00e9 contar con la presencia de altas autoridades nacionales, representantes del sector t\u00e9cnico y cient\u00edfico y actores del sector privado\u201d y apunt\u00f3 que \u201cser\u00e1 un espacio que dotar\u00e1 de un renovado impulso a las gestiones direccionadas a construir y fortalecer cadenas de valor agregado y con ello propender a la generaci\u00f3n de trabajo genuino\u201d.<\/p>\n","protected":false},"excerpt":{"rendered":"<p>Tras la firma del morando de entendimiento celebrado entre Jujuy, Naci\u00f3n y la compa\u00f1\u00eda Ganfeng Lithium para fabricar bater\u00edas de litio en nuestra provincia, la Mesa del Litio se constituir\u00e1 para tratar los alcances de documento de referencia, el cual representa una verdadera oportunidad de crecimiento econ\u00f3mico, laboral, social, cient\u00edfico y tecnol\u00f3gico. En los primeros [&hellip;]<\/p>\n","protected":false},"author":40,"featured_media":298160,"comment_status":"open","ping_status":"open","sticky":false,"template":"","format":"standard","meta":{"_stopmodifiedupdate":false,"_modified_date":"","inline_featured_image":false},"categories":[501],"tags":[],"jetpack_featured_media_url":"https:\/\/notinor.com\/jujuy\/wp-content\/uploads\/2021\/05\/batakis-con-gobernadores-del-norte-Mesa-del-litio.jpg","_links":{"self":[{"href":"https:\/\/notinor.com\/jujuy\/wp-json\/wp\/v2\/posts\/298157"}],"collection":[{"href":"https:\/\/notinor.com\/jujuy\/wp-json\/wp\/v2\/posts"}],"about":[{"href":"https:\/\/notinor.com\/jujuy\/wp-json\/wp\/v2\/types\/post"}],"author":[{"embeddable":true,"href":"https:\/\/notinor.com\/jujuy\/wp-json\/wp\/v2\/users\/40"}],"replies":[{"embeddable":true,"href":"https:\/\/notinor.com\/jujuy\/wp-json\/wp\/v2\/comments?post=298157"}],"version-history":[{"count":1,"href":"https:\/\/notinor.com\/jujuy\/wp-json\/wp\/v2\/posts\/298157\/revisions"}],"predecessor-version":[{"id":298161,"href":"https:\/\/notinor.com\/jujuy\/wp-json\/wp\/v2\/posts\/298157\/revisions\/298161"}],"wp:featuredmedia":[{"embeddable":true,"href":"https:\/\/notinor.com\/jujuy\/wp-json\/wp\/v2\/media\/298160"}],"wp:attachment":[{"href":"https:\/\/notinor.com\/jujuy\/wp-json\/wp\/v2\/media?parent=298157"}],"wp:term":[{"taxonomy":"category","embeddable":true,"href":"https:\/\/notinor.com\/jujuy\/wp-json\/wp\/v2\/categories?post=298157"},{"taxonomy":"post_tag","embeddable":true,"href":"https:\/\/notinor.com\/jujuy\/wp-json\/wp\/v2\/tags?post=298157"}],"curies":[{"name":"wp","href":"https:\/\/api.w.org\/{rel}","templated":true}]}}