{"id":298153,"date":"2021-05-17T09:09:50","date_gmt":"2021-05-17T12:09:50","guid":{"rendered":"https:\/\/notinor.com\/jujuy\/?p=298153"},"modified":"2021-05-17T09:09:56","modified_gmt":"2021-05-17T12:09:56","slug":"el-presidente-hizo-un-balance-de-su-gira-y-anticipo-mas-tiempo-de-negociacion-con-el-fmi","status":"publish","type":"post","link":"https:\/\/notinor.com\/jujuy\/el-presidente-hizo-un-balance-de-su-gira-y-anticipo-mas-tiempo-de-negociacion-con-el-fmi\/","title":{"rendered":"El presidente hizo un balance de su gira y anticip\u00f3 \"m\u00e1s tiempo\" de negociaci\u00f3n con el FMI"},"content":{"rendered":"\n<p>Alberto Fern\u00e1ndez visit\u00f3 distintos pa\u00edses de Europa para buscar apoyo en la renegociaci\u00f3n de la deuda y pidi\u00f3&nbsp;\"revisar la sobretasa\" en base a las conversaciones que sostuvo con el Fondo Monetario.<a><\/a><a><\/a><a><\/a><a><\/a><a><\/a><img decoding=\"async\" src=\"https:\/\/www.telam.com.ar\/advf\/imagenes\/2021\/05\/6099690c0ca3d.05.2021%20565_1004x565.jpg\" alt=\"El presidente Alberto Fern\u00e1ndez hizo un balance &quot;claramente positivo&quot; de su gira por Europa\">El presidente Alberto Fern\u00e1ndez hizo un balance \"claramente positivo\" de su gira por Europa<br>El presidente Alberto Fern\u00e1ndez hizo este domingo un balance \"claramente positivo\" de su gira por Europa, donde visit\u00f3 distintos pa\u00edses para buscar apoyo en la renegociaci\u00f3n de la deuda, y anticip\u00f3 que la b\u00fasqueda de mayores plazos de pago llevar\u00e1 \"m\u00e1s tiempo\" de negociaciones con el Fondo Monetario Internacional (FMI).<\/p>\n\n\n\n<p><strong>\"Es un balance claramente positivo porque aquello que nos propusimos lo hemos logrado, que era pedirle a Europa que prestara particular atenci\u00f3n a lo que estaba pasando en la negociaci\u00f3n de Argentina con el FMI, la necesidad de que nos acompa\u00f1e en aquellos que nos preocupa: tratar de buscar m\u00e1s tiempo en los plazos de pagos; eso va a demandar m\u00e1s tiempo pero insistimos en plantear y corregir\"<\/strong>, rese\u00f1\u00f3 el mandatario.<\/p>\n\n\n\n<p>En declaraciones al canal C5N, Fern\u00e1ndez sostuvo que propuso&nbsp;<strong>al FMI la necesidad de \"revisar la sobretasa, que es una tasa adicional que pagan aquellos pa\u00edses que han excedido su cupo crediticio\".<\/strong>&nbsp;\"Eso es exactamente lo que le pas\u00f3 a Argentina cuando tom\u00f3 el cr\u00e9dito\", sostuvo el jefe de Estado, y grafic\u00f3 que&nbsp;<strong>\"como consecuencia de eso nosotros hoy, en vez de estar pagando un punto de inter\u00e9s, estamos pagando tres\".<\/strong><\/p>\n\n\n\n<p>Para Fern\u00e1ndez,\u00a0<strong>\"el mundo debe revisar esas pr\u00e1cticas que son muy nocivas para los pa\u00edses de renta media\".<\/strong><\/p>\n\n\n\n<figure class=\"wp-block-embed-twitter wp-block-embed is-type-rich is-provider-twitter\"><div class=\"wp-block-embed__wrapper\">\n<blockquote class=\"twitter-tweet\" data-width=\"500\" data-dnt=\"true\"><p lang=\"es\" dir=\"ltr\">\u26a1 EXCLUSIVO | <a href=\"https:\/\/twitter.com\/alferdez?ref_src=twsrc%5Etfw\">@alferdez<\/a> en <a href=\"https:\/\/twitter.com\/hashtag\/HaganAlgo?src=hash&amp;ref_src=twsrc%5Etfw\">#HaganAlgo<\/a> con <a href=\"https:\/\/twitter.com\/ischargro?ref_src=twsrc%5Etfw\">@ischargro<\/a>:<br><br>\ud83d\udde3&quot;Hago un balance claramente positivo porque aquello que nos propusimos lo hemos logrado, que era pedirle a Europa que prestara particular atenci\u00f3n a lo que estaba pasando en la negociaci\u00f3n de Argentina con el FMI&quot; <a href=\"https:\/\/t.co\/Z2mjbSLOS7\">pic.twitter.com\/Z2mjbSLOS7<\/a><\/p>&mdash; C5N (@C5N) <a href=\"https:\/\/twitter.com\/C5N\/status\/1394084695781093376?ref_src=twsrc%5Etfw\">May 17, 2021<\/a><\/blockquote><script async src=\"https:\/\/platform.twitter.com\/widgets.js\" charset=\"utf-8\"><\/script>\n<\/div><\/figure>\n\n\n\n<p>\"En segundo lugar creo que ha sido muy productivo porque pudimos hablar de algunos temas bilaterales con muchos pa\u00edses como Portugal, y en algunos casos pudimos revisar un poco la situaci\u00f3n latinoamericana\", a\u00f1adi\u00f3.<\/p>\n\n\n\n<p>El Presidente repas\u00f3 adem\u00e1s que hubo&nbsp;<strong>\"tres encuentros adicionales que fueron muy productivos\".<\/strong><\/p>\n\n\n\n<p>El primero, dijo, fue<strong>&nbsp;la cita con la directora del FMI, Kristalina Georgieva<\/strong>, a quien le plante\u00f3 que \"los argentinos deb\u00edamos asumir el tema de la deuda con un compromiso tal que no le hagamos pagar m\u00e1s esfuerzos a una Argentina que ya hizo muchos esfuerzos y pag\u00f3 demasiado con el desorden del Gobierno anterior y este tiempo de pandemia\".<\/p>\n\n\n\n<p>\"Al poder explic\u00e1rselo en detalle, y que el comentario provenga del presidente, la not\u00e9 receptiva y comprensiva de los problemas que tenemos\", dijo acerca de Georgieva y a\u00f1adi\u00f3: \"<strong>Valor\u00f3 mucho el esfuerzo que estamos haciendo con Europa\".<\/strong><\/p>\n\n\n\n<p>\"La decisi\u00f3n la tiene que tomar el directorio del Fondo, y eso exige que todos estos pa\u00edses est\u00e9n acompa\u00f1\u00e1ndonos\", acot\u00f3.<\/p>\n\n\n\n<p>Sobre el encuentro que mantuvo el viernes \u00faltimo&nbsp;<strong>con el secretario de Estado de Estados Unidos, John Kerry,<\/strong>&nbsp;Alberto Fern\u00e1ndez destac\u00f3 que fue la \"primera vez\" que pudo hablar \"cara a cara con un representante\" del Gobierno de Joe Biden.<\/p>\n\n\n\n<p>\"No tenemos muchas diferencias porque nuestra decisi\u00f3n en ayudar a sostener el proceso de cambio clim\u00e1tico para revertir los efectos nocivos que vemos es absolutamente igual a la de ellos\", describi\u00f3, y destac\u00f3 tambi\u00e9n que dialog\u00f3 con Kerry sobre la ley de Educaci\u00f3n Medioambiental a nivel primario y secundario sancionada en los \u00faltimos d\u00edas.<\/p>\n\n\n\n<p>En tercer lugar,<strong>\u00a0Fern\u00e1ndez ponder\u00f3 su reuni\u00f3n con el papa Francisco en el Vaticano<\/strong>\u00a0al celebrar que el Sumo Pont\u00edfice \"siempre escucha las posiciones\" del Gobierno argentino.<\/p>\n\n\n\n<p><strong>\"Con la amabilidad que siempre tiene para conmigo, agradecido porque me ayuda a pensar y reflexionar de otro modo con una mirada sumamente moral y que en los tiemposque vivimos, la econom\u00eda debe revisar ese contenido moral que ha perdido con el correr de los a\u00f1os\"<\/strong>, evalu\u00f3 Fern\u00e1ndez.<\/p>\n\n\n\n<p>Sobre el acuerdo con el FMI, Fern\u00e1ndez asegur\u00f3 que el objetivo es \"ponerse de acuerdo\" lo antes posible y expres\u00f3: \"Muchos hacen la especulaci\u00f3n sobre si es antes o despu\u00e9s de las elecciones, pero no es eso\".<\/p>\n\n\n\n<p><strong>\"Acordar es necesario. El problema es c\u00f3mo. lo que no puedo es que, por acordar con el Fondo, desatender algunos aspectos; quisiera que estos aspectos fueran tenidos en cuenta, no s\u00f3lo por Argentina, sino porque lo que ha ocurrido con el mundo nos obliga a repensar c\u00f3mo tiene que ser la econom\u00eda en el futuro\".<\/strong><\/p>\n\n\n\n<p>Para el Presidente, tal como ven\u00eda la organizaci\u00f3n econ\u00f3mica \"qued\u00f3 demostrado que no era ni tan s\u00f3lida ni tan beneficiosa\", aunque, dijo, \"los pobres la pasaron mucho peor porque la concentraci\u00f3n del ingreso hab\u00eda quedado en manos de un n\u00famero reducido de habitantes en el mundo\".<\/p>\n\n\n\n<p>A la vez, afirm\u00f3 que ser\u00e1 \"razonable\" conseguir un acuerdo con el Club de Par\u00eds porque es una \"deuda mucho menor que la que tenemos con el Fondo, aunque tenemos un vencimiento muy alto ahora\".<\/p>\n\n\n\n<p><strong>\"Creo que vamos a poder hablar con el Club de Par\u00eds y lograr esa espera que necesitamos. Si tenemos acuerdo con el Fondo, el acuerdo con el Club de Par\u00eds ser\u00e1 casi inmediato\"<\/strong>, apost\u00f3 Fern\u00e1ndez.<\/p>\n","protected":false},"excerpt":{"rendered":"<p>Alberto Fern\u00e1ndez visit\u00f3 distintos pa\u00edses de Europa para buscar apoyo en la renegociaci\u00f3n de la deuda y pidi\u00f3&nbsp;\"revisar la sobretasa\" en base a las conversaciones que sostuvo con el Fondo Monetario.El presidente Alberto Fern\u00e1ndez hizo un balance \"claramente positivo\" de su gira por EuropaEl presidente Alberto Fern\u00e1ndez hizo este domingo un balance \"claramente positivo\" de [&hellip;]<\/p>\n","protected":false},"author":40,"featured_media":298154,"comment_status":"open","ping_status":"open","sticky":false,"template":"","format":"standard","meta":{"_stopmodifiedupdate":false,"_modified_date":"","inline_featured_image":false},"categories":[5],"tags":[],"jetpack_featured_media_url":"https:\/\/notinor.com\/jujuy\/wp-content\/uploads\/2021\/05\/presidente-hizo-balance-gira-anticipo-mas-tiempo-negociacion-fmi-893832-214711.jpg","_links":{"self":[{"href":"https:\/\/notinor.com\/jujuy\/wp-json\/wp\/v2\/posts\/298153"}],"collection":[{"href":"https:\/\/notinor.com\/jujuy\/wp-json\/wp\/v2\/posts"}],"about":[{"href":"https:\/\/notinor.com\/jujuy\/wp-json\/wp\/v2\/types\/post"}],"author":[{"embeddable":true,"href":"https:\/\/notinor.com\/jujuy\/wp-json\/wp\/v2\/users\/40"}],"replies":[{"embeddable":true,"href":"https:\/\/notinor.com\/jujuy\/wp-json\/wp\/v2\/comments?post=298153"}],"version-history":[{"count":1,"href":"https:\/\/notinor.com\/jujuy\/wp-json\/wp\/v2\/posts\/298153\/revisions"}],"predecessor-version":[{"id":298155,"href":"https:\/\/notinor.com\/jujuy\/wp-json\/wp\/v2\/posts\/298153\/revisions\/298155"}],"wp:featuredmedia":[{"embeddable":true,"href":"https:\/\/notinor.com\/jujuy\/wp-json\/wp\/v2\/media\/298154"}],"wp:attachment":[{"href":"https:\/\/notinor.com\/jujuy\/wp-json\/wp\/v2\/media?parent=298153"}],"wp:term":[{"taxonomy":"category","embeddable":true,"href":"https:\/\/notinor.com\/jujuy\/wp-json\/wp\/v2\/categories?post=298153"},{"taxonomy":"post_tag","embeddable":true,"href":"https:\/\/notinor.com\/jujuy\/wp-json\/wp\/v2\/tags?post=298153"}],"curies":[{"name":"wp","href":"https:\/\/api.w.org\/{rel}","templated":true}]}}