{"id":298150,"date":"2021-05-17T09:22:33","date_gmt":"2021-05-17T12:22:33","guid":{"rendered":"https:\/\/notinor.com\/jujuy\/?p=298150"},"modified":"2021-05-17T09:22:36","modified_gmt":"2021-05-17T12:22:36","slug":"quedo-inaugurado-el-club-de-emprendedores","status":"publish","type":"post","link":"https:\/\/notinor.com\/jujuy\/quedo-inaugurado-el-club-de-emprendedores\/","title":{"rendered":"Qued\u00f3 inaugurado el Club de Emprendedores"},"content":{"rendered":"\n<p>Se trata de la primera instituci\u00f3n p\u00fablica creada para emprendedores, o para aquellos con expertiz emprendedora. El objetivo del Club de Emprendedores es el de fortalecer el ecosistema emprendedor de la ciudad fomentando la inclusi\u00f3n de j\u00f3venes emprendedores a los sistemas productivos, a la innovaci\u00f3n cient\u00edfica, tecnol\u00f3gica y de desarrollo mediante capacitaciones, asesoramiento y acompa\u00f1amiento dentro de un espacio de coworking y networking.<\/p>\n\n\n\n<figure class=\"wp-block-image size-large\"><img decoding=\"async\" loading=\"lazy\" width=\"750\" height=\"154\" src=\"https:\/\/notinor.com\/jujuy\/wp-content\/uploads\/2021\/05\/CLUB.jpg\" alt=\"\" class=\"wp-image-298158\" srcset=\"https:\/\/notinor.com\/jujuy\/wp-content\/uploads\/2021\/05\/CLUB.jpg 750w, https:\/\/notinor.com\/jujuy\/wp-content\/uploads\/2021\/05\/CLUB-660x136.jpg 660w\" sizes=\"(max-width: 750px) 100vw, 750px\" \/><\/figure>\n\n\n\n<p>Luego de los protocolos de rigor, se procedi\u00f3 a la firma de actas acuerdo de cooperaci\u00f3n entre la Municipalidad de San Salvador de Jujuy y el Ministerio de Trabajo y Empleo, el Ministerio de Desarrollo Econ\u00f3mico y Producci\u00f3n, el Instituto Universitario Provincial de Seguridad, la Asociaci\u00f3n Civil Todos Juntos, Eco Tienda Sostenible \u201cTu Huella\u201d, \u201cEureka\u201d Comunicaci\u00f3n Virtual y Valerza-Briomodo. Estos convenios tienen por objeto la colaboraci\u00f3n rec\u00edproca entre las partes para el desarrollo de actividades institucionales, acad\u00e9micas, de extensi\u00f3n e investigaci\u00f3n por parte de los miembros del Club de Emprendedores.<\/p>\n\n\n\n<p>El intendente de San Salvador de Jujuy, Ra\u00fal \u201cChuli\u201d Jorge,\u00a0expres\u00f3 su satisfacci\u00f3n por un nuevo espacio de articulaci\u00f3n p\u00fablico-privada, \u201cinauguramos esta isla de conocimientos y emprendimientos para las nuevas tecnolog\u00edas por lo que es necesario darle un espacio visible al conocimiento por eso este lugar para que puedan, en un futuro, formar parte o a hacer un v\u00ednculo directo para la generaci\u00f3n del empleo, del desarrollo econ\u00f3mico que va a tener justamente este faro\u201d.<\/p>\n\n\n\n<p>El ministro de Desarrollo Econ\u00f3mico y Producci\u00f3n de la Provincia, Exequiel Lello Ivacevich, celebr\u00f3 esta nueva iniciativa estrat\u00e9gica del Municipio y anunci\u00f3: \u201cestos espacios donde se encuentran organismos acad\u00e9micos, emprendedores y el Estado Provincial y Municipal, siempre son buenos porque generan desarrollo, ideas y posibilidad de crecimiento para nuestros emprendedores\u201d.<\/p>\n\n\n\n<p>Adem\u00e1s, el presidente del Concejo Deliberante, Lisandro Aguiar,\u00a0<strong>felicit\u00f3 el modelo de desarrollo propuesto a trav\u00e9s del Club de Emprendedores, y expres\u00f3: \u201cesperamos que este Club se desarrolle y que permita generar puestos de trabajo que potencien el desarrollo productivo de la ciudad de San Salvador de Jujuy\u201d<\/strong>.<\/p>\n\n\n\n<p>A su turno, el decano de la Facultad de Ingenier\u00eda de la Universidad Nacional de Jujuy, Gustavo Lores, vislumbr\u00f3 un trabajo muy productivo que se retroalimentar\u00e1 con la educaci\u00f3n superior a trav\u00e9s de este nuevo organismo: \u201ceste Club, para nosotros como facultad, va a ser un ida y vuelta porque podremos aportar conocimiento en diversas \u00e1reas como la inform\u00e1tica, la organizaci\u00f3n o la administraci\u00f3n\u201d.<\/p>\n\n\n\n<p>Presidi\u00f3 el acto el Intendente de la Capital, Ra\u00fal \u201cChuli\u201d Jorge, acompa\u00f1ado por el secretario de Gobierno Gast\u00f3n Mill\u00f3n; el secretario de Planificaci\u00f3n, Desarrollo y Modernizaci\u00f3n, Luciano C\u00f3rdoba; el secretario de Obras P\u00fablicas Aldo Montiel, secretario de Servicios P\u00fablicos, Guillermo Marenco, subsecretarios y funcionarios municipales. Adem\u00e1s cont\u00f3 con la presencia del ministro de Trabajo de la Provincia, Normando \u00c1lvarez Garc\u00eda; del Ministro de Producci\u00f3n Exequiel Lello Ivacevich; y el Director del COE Provincial, Omar Guti\u00e9rrez. De parte del Concejo Deliberante estuvo su presidente Lisandro Aguiar, acompa\u00f1ado por los concejales: Leandro Giubergia, Patricia Moya y Mar\u00eda Gal\u00e1n. Tambi\u00e9n cabe destacar la presencia de legisladores nacionales y provinciales, Gabriela Burgos y Alberto Bernis. Por parte de la Universidad Nacional de Jujuy estuvo presente el decano de la Facultad de Ingenier\u00eda, Gustavo Lores.<\/p>\n\n\n\n<h2>Inauguraci\u00f3n \"Club de Emprendedores\"<\/h2>\n\n\n\n<p><\/p>\n\n\n\n<p><a href=\"http:\/\/sansalvadordejujuy.gob.ar\/wp-content\/uploads\/2021\/05\/WhatsApp-Image-2021-05-16-at-16.32.47.jpeg\"><\/a><a href=\"http:\/\/sansalvadordejujuy.gob.ar\/wp-content\/uploads\/2021\/05\/WhatsApp-Image-2021-05-16-at-16.32.46.jpeg\"><\/a><a href=\"http:\/\/sansalvadordejujuy.gob.ar\/wp-content\/uploads\/2021\/05\/WhatsApp-Image-2021-05-16-at-16.32.47-1.jpeg\"><\/a><a href=\"http:\/\/sansalvadordejujuy.gob.ar\/wp-content\/uploads\/2021\/05\/WhatsApp-Image-2021-05-15-at-18.43.01-2.jpeg\"><\/a><a href=\"http:\/\/sansalvadordejujuy.gob.ar\/wp-content\/uploads\/2021\/05\/WhatsApp-Image-2021-05-15-at-18.43.01-1.jpeg\"><\/a><\/p>\n\n\n\n<h2>Inauguraci\u00f3n \"Club de Emprendedores\"<\/h2>\n\n\n\n<figure class=\"wp-block-image size-large\"><img decoding=\"async\" loading=\"lazy\" width=\"750\" height=\"181\" src=\"https:\/\/notinor.com\/jujuy\/wp-content\/uploads\/2021\/05\/CLUB-1.jpg\" alt=\"\" class=\"wp-image-298162\" srcset=\"https:\/\/notinor.com\/jujuy\/wp-content\/uploads\/2021\/05\/CLUB-1.jpg 750w, https:\/\/notinor.com\/jujuy\/wp-content\/uploads\/2021\/05\/CLUB-1-660x159.jpg 660w\" sizes=\"(max-width: 750px) 100vw, 750px\" \/><\/figure>\n","protected":false},"excerpt":{"rendered":"<p>Se trata de la primera instituci\u00f3n p\u00fablica creada para emprendedores, o para aquellos con expertiz emprendedora. El objetivo del Club de Emprendedores es el de fortalecer el ecosistema emprendedor de la ciudad fomentando la inclusi\u00f3n de j\u00f3venes emprendedores a los sistemas productivos, a la innovaci\u00f3n cient\u00edfica, tecnol\u00f3gica y de desarrollo mediante capacitaciones, asesoramiento y acompa\u00f1amiento [&hellip;]<\/p>\n","protected":false},"author":5,"featured_media":298159,"comment_status":"open","ping_status":"open","sticky":false,"template":"","format":"standard","meta":{"_stopmodifiedupdate":false,"_modified_date":"","inline_featured_image":false},"categories":[514],"tags":[],"jetpack_featured_media_url":"https:\/\/notinor.com\/jujuy\/wp-content\/uploads\/2021\/05\/CLUB1.jpeg","_links":{"self":[{"href":"https:\/\/notinor.com\/jujuy\/wp-json\/wp\/v2\/posts\/298150"}],"collection":[{"href":"https:\/\/notinor.com\/jujuy\/wp-json\/wp\/v2\/posts"}],"about":[{"href":"https:\/\/notinor.com\/jujuy\/wp-json\/wp\/v2\/types\/post"}],"author":[{"embeddable":true,"href":"https:\/\/notinor.com\/jujuy\/wp-json\/wp\/v2\/users\/5"}],"replies":[{"embeddable":true,"href":"https:\/\/notinor.com\/jujuy\/wp-json\/wp\/v2\/comments?post=298150"}],"version-history":[{"count":1,"href":"https:\/\/notinor.com\/jujuy\/wp-json\/wp\/v2\/posts\/298150\/revisions"}],"predecessor-version":[{"id":298164,"href":"https:\/\/notinor.com\/jujuy\/wp-json\/wp\/v2\/posts\/298150\/revisions\/298164"}],"wp:featuredmedia":[{"embeddable":true,"href":"https:\/\/notinor.com\/jujuy\/wp-json\/wp\/v2\/media\/298159"}],"wp:attachment":[{"href":"https:\/\/notinor.com\/jujuy\/wp-json\/wp\/v2\/media?parent=298150"}],"wp:term":[{"taxonomy":"category","embeddable":true,"href":"https:\/\/notinor.com\/jujuy\/wp-json\/wp\/v2\/categories?post=298150"},{"taxonomy":"post_tag","embeddable":true,"href":"https:\/\/notinor.com\/jujuy\/wp-json\/wp\/v2\/tags?post=298150"}],"curies":[{"name":"wp","href":"https:\/\/api.w.org\/{rel}","templated":true}]}}