{"id":298148,"date":"2021-05-17T09:04:42","date_gmt":"2021-05-17T12:04:42","guid":{"rendered":"https:\/\/notinor.com\/jujuy\/?p=298148"},"modified":"2021-05-17T09:04:46","modified_gmt":"2021-05-17T12:04:46","slug":"el-pan-aumento-en-todo-el-pais","status":"publish","type":"post","link":"https:\/\/notinor.com\/jujuy\/el-pan-aumento-en-todo-el-pais\/","title":{"rendered":"El pan aumento en todo el pa\u00eds"},"content":{"rendered":"\n<p>El ajuste de precios acompa\u00f1a el anuncio que se realiz\u00f3 a nivel nacional de una suba del orden del 13% para todo el pa\u00eds.<\/p>\n\n\n\n<div class=\"wp-block-image\"><figure class=\"aligncenter is-resized\"><img decoding=\"async\" loading=\"lazy\" src=\"https:\/\/static1.laverdad.es\/www\/multimedia\/201711\/17\/media\/cortadas\/pan-kAz-U50143256094Ir-624x385@La%20Verdad.jpg\" alt=\"Las dos panader\u00edas de Murcia que est\u00e1n entre las mejores de Espa\u00f1a | La  Verdad\" width=\"848\" height=\"521\"\/><\/figure><\/div>\n\n\n\n<p>\u00abEl Mignon de $170 pasa a $180; los bizcochos de $240 a $280 y las facturas de $320 a $360\u00bb,\u00a0sostuvo el representante del Centro y aclar\u00f3 que estos precios son sugeridos.<\/p>\n\n\n\n<p>Cucchiaro explic\u00f3 que este reacomodo de precios se aplica debido al incremento que hubo este \u00faltimo tiempo en los insumos de panader\u00eda.<\/p>\n\n\n\n<p>Los nuevos precios surgen de la reuni\u00f3n que se concret\u00f3 este viernes entre los integrantes del Centro de Panaderos.<\/p>\n\n\n\n<p><\/p>\n","protected":false},"excerpt":{"rendered":"<p>El ajuste de precios acompa\u00f1a el anuncio que se realiz\u00f3 a nivel nacional de una suba del orden del 13% para todo el pa\u00eds. \u00abEl Mignon de $170 pasa a $180; los bizcochos de $240 a $280 y las facturas de $320 a $360\u00bb,\u00a0sostuvo el representante del Centro y aclar\u00f3 que estos precios son sugeridos. [&hellip;]<\/p>\n","protected":false},"author":40,"featured_media":298151,"comment_status":"open","ping_status":"open","sticky":false,"template":"","format":"standard","meta":{"_stopmodifiedupdate":false,"_modified_date":"","inline_featured_image":false},"categories":[2],"tags":[],"jetpack_featured_media_url":"https:\/\/notinor.com\/jujuy\/wp-content\/uploads\/2021\/05\/110_505925844.jpg","_links":{"self":[{"href":"https:\/\/notinor.com\/jujuy\/wp-json\/wp\/v2\/posts\/298148"}],"collection":[{"href":"https:\/\/notinor.com\/jujuy\/wp-json\/wp\/v2\/posts"}],"about":[{"href":"https:\/\/notinor.com\/jujuy\/wp-json\/wp\/v2\/types\/post"}],"author":[{"embeddable":true,"href":"https:\/\/notinor.com\/jujuy\/wp-json\/wp\/v2\/users\/40"}],"replies":[{"embeddable":true,"href":"https:\/\/notinor.com\/jujuy\/wp-json\/wp\/v2\/comments?post=298148"}],"version-history":[{"count":1,"href":"https:\/\/notinor.com\/jujuy\/wp-json\/wp\/v2\/posts\/298148\/revisions"}],"predecessor-version":[{"id":298152,"href":"https:\/\/notinor.com\/jujuy\/wp-json\/wp\/v2\/posts\/298148\/revisions\/298152"}],"wp:featuredmedia":[{"embeddable":true,"href":"https:\/\/notinor.com\/jujuy\/wp-json\/wp\/v2\/media\/298151"}],"wp:attachment":[{"href":"https:\/\/notinor.com\/jujuy\/wp-json\/wp\/v2\/media?parent=298148"}],"wp:term":[{"taxonomy":"category","embeddable":true,"href":"https:\/\/notinor.com\/jujuy\/wp-json\/wp\/v2\/categories?post=298148"},{"taxonomy":"post_tag","embeddable":true,"href":"https:\/\/notinor.com\/jujuy\/wp-json\/wp\/v2\/tags?post=298148"}],"curies":[{"name":"wp","href":"https:\/\/api.w.org\/{rel}","templated":true}]}}