{"id":297794,"date":"2021-05-13T10:43:31","date_gmt":"2021-05-13T13:43:31","guid":{"rendered":"https:\/\/notinor.com\/jujuy\/?p=297794"},"modified":"2021-05-13T10:43:36","modified_gmt":"2021-05-13T13:43:36","slug":"a-partir-de-este-fin-de-semana-el-pan-aumentara-un-13","status":"publish","type":"post","link":"https:\/\/notinor.com\/jujuy\/a-partir-de-este-fin-de-semana-el-pan-aumentara-un-13\/","title":{"rendered":"A partir de este fin de semana el pan aumentara un 13%"},"content":{"rendered":"\n<p>El kilo pasar\u00e1 de $150 a $170 en los pr\u00f3ximos d\u00edas, seg\u00fan la Federaci\u00f3n Industrial Panaderil bonaerense, que atribuy\u00f3 el aumento a un incremento de los costos de materias primas.<\/p>\n\n\n\n<figure class=\"wp-block-image\"><img decoding=\"async\" src=\"https:\/\/www.fm899.com.ar\/public\/images\/noticias\/45836-el-kilo-de-pan-superaria-los-80-en-buenos-aires.jpg\" alt=\"El kilo de pan superar\u00eda los $80 en buenos Aires - Argentina - Profesional  FM 89.9 Salta, Argentina\"\/><\/figure>\n\n\n\n<p>Anticip\u00f3 hoy la Federaci\u00f3n Industrial Panaderil bonaerense.El titular de la entidad, Ra\u00fal Santoandr\u00e9, indic\u00f3 que el kilo de pan pasar\u00e1 de $150 a $170 en los pr\u00f3ximos d\u00edas.<\/p>\n\n\n\n<p>Advirti\u00f3 que en el sector existe \"gran preocupaci\u00f3n\", dado que recibe las materias primas con \"desmedidos aumentos\", que terminan impactando parcialmente en el precio a abonar por los consumidores.<\/p>\n\n\n\n<p>Seg\u00fan argument\u00f3 en declaraciones radiales, la margarina tuvo un ajuste equivalente al 150% en solo tres meses, mientras la levadura trep\u00f3 40% desde fines del 2020.<\/p>\n\n\n\n<p>El sector panadero alert\u00f3, adem\u00e1s, que las ventas arrojaron una disminuci\u00f3n, particularmente en facturas o masas, ante la p\u00e9rdida de poder adquisitivo de los trabajadores.<\/p>\n\n\n\n<p>En ese sentido, la preocupaci\u00f3n tambi\u00e9n se vincula con el futuro de las fuentes laborales ante la merma en el consumo.<\/p>\n\n\n\n<p>El incremento del pan, uno de los productos m\u00e1s consumidos por los hogares en el pa\u00eds, pondr\u00e1 m\u00e1s presi\u00f3n a la inflaci\u00f3n, que en los primeros tres meses del a\u00f1o acumul\u00f3 un avance del 13 por ciento.<\/p>\n\n\n\n<p>El INDEC difundir\u00e1 este jueves las cifras del Indice de Precios al Consumidor (IPC) de abril y, de acuerdo con las estimaciones de las consultoras privadas, se ubicar\u00e1 en torno al 4% mensual, lo cual impulsar\u00e1 el alza de precios en el primer cuatrimestre al 16% o 17%.<\/p>\n\n\n\n<p>A su vez, ello llevar\u00eda a un avance interanual del 45%, con un persistente aumento del cap\u00edtulo de alimentos y bebidas no alcoh\u00f3licas.<\/p>\n\n\n\n<p>Un informe del Centro de Econom\u00eda Pol\u00edtica Argentina (CEPA) difundido este mi\u00e9rcoles indic\u00f3 que durante abril la principal variaci\u00f3n positiva fue para la lechuga, con un 93%.<\/p>\n\n\n\n<p>Con relaci\u00f3n a los cortes vacunos de precio intermedio, sostuvo que los incrementos tuvieron un comportamiento dispar y los principales ajustes se dieron en la tapa de asado (6,4%), picada especial (4,1%) y paleta (3,9%).<\/p>\n","protected":false},"excerpt":{"rendered":"<p>El kilo pasar\u00e1 de $150 a $170 en los pr\u00f3ximos d\u00edas, seg\u00fan la Federaci\u00f3n Industrial Panaderil bonaerense, que atribuy\u00f3 el aumento a un incremento de los costos de materias primas. Anticip\u00f3 hoy la Federaci\u00f3n Industrial Panaderil bonaerense.El titular de la entidad, Ra\u00fal Santoandr\u00e9, indic\u00f3 que el kilo de pan pasar\u00e1 de $150 a $170 en [&hellip;]<\/p>\n","protected":false},"author":40,"featured_media":297797,"comment_status":"open","ping_status":"open","sticky":false,"template":"","format":"standard","meta":{"_stopmodifiedupdate":false,"_modified_date":"","inline_featured_image":false},"categories":[2],"tags":[],"jetpack_featured_media_url":"https:\/\/notinor.com\/jujuy\/wp-content\/uploads\/2021\/05\/45836-el-kilo-de-pan-superaria-los-80-en-buenos-aires.jpg","_links":{"self":[{"href":"https:\/\/notinor.com\/jujuy\/wp-json\/wp\/v2\/posts\/297794"}],"collection":[{"href":"https:\/\/notinor.com\/jujuy\/wp-json\/wp\/v2\/posts"}],"about":[{"href":"https:\/\/notinor.com\/jujuy\/wp-json\/wp\/v2\/types\/post"}],"author":[{"embeddable":true,"href":"https:\/\/notinor.com\/jujuy\/wp-json\/wp\/v2\/users\/40"}],"replies":[{"embeddable":true,"href":"https:\/\/notinor.com\/jujuy\/wp-json\/wp\/v2\/comments?post=297794"}],"version-history":[{"count":1,"href":"https:\/\/notinor.com\/jujuy\/wp-json\/wp\/v2\/posts\/297794\/revisions"}],"predecessor-version":[{"id":297799,"href":"https:\/\/notinor.com\/jujuy\/wp-json\/wp\/v2\/posts\/297794\/revisions\/297799"}],"wp:featuredmedia":[{"embeddable":true,"href":"https:\/\/notinor.com\/jujuy\/wp-json\/wp\/v2\/media\/297797"}],"wp:attachment":[{"href":"https:\/\/notinor.com\/jujuy\/wp-json\/wp\/v2\/media?parent=297794"}],"wp:term":[{"taxonomy":"category","embeddable":true,"href":"https:\/\/notinor.com\/jujuy\/wp-json\/wp\/v2\/categories?post=297794"},{"taxonomy":"post_tag","embeddable":true,"href":"https:\/\/notinor.com\/jujuy\/wp-json\/wp\/v2\/tags?post=297794"}],"curies":[{"name":"wp","href":"https:\/\/api.w.org\/{rel}","templated":true}]}}