{"id":297792,"date":"2021-05-13T10:46:43","date_gmt":"2021-05-13T13:46:43","guid":{"rendered":"https:\/\/notinor.com\/jujuy\/?p=297792"},"modified":"2021-05-13T10:46:48","modified_gmt":"2021-05-13T13:46:48","slug":"liberaron-al-policia-que-se-defendio-de-los-motochorros","status":"publish","type":"post","link":"https:\/\/notinor.com\/jujuy\/liberaron-al-policia-que-se-defendio-de-los-motochorros\/","title":{"rendered":"LIBERARON AL  POLIC\u00cdA  QUE SE DEFENDI\u00d3 DE LOS MOTOCHORROS"},"content":{"rendered":"\n<p>El sargento de la polic\u00eda de Jujuy el cual se defendi\u00f3 a tiros con su arma reglamentaria de cuatro motochorros quedo libre por orden del juez de control Jorge Zurueta.<\/p>\n\n\n\n<figure class=\"wp-block-image size-large\"><img decoding=\"async\" loading=\"lazy\" width=\"600\" height=\"300\" src=\"https:\/\/notinor.com\/jujuy\/wp-content\/uploads\/2021\/05\/UR6-patrulla.jpg\" alt=\"\" class=\"wp-image-297798\" srcset=\"https:\/\/notinor.com\/jujuy\/wp-content\/uploads\/2021\/05\/UR6-patrulla.jpg 600w, https:\/\/notinor.com\/jujuy\/wp-content\/uploads\/2021\/05\/UR6-patrulla-360x180.jpg 360w\" sizes=\"(max-width: 600px) 100vw, 600px\" \/><\/figure>\n\n\n\n<p> Esta medida judicial se llev\u00f3 a cabo a pesar de que desde la fiscal\u00eda del MPA se opon\u00edan a que \u00e9l efectivo recupere su libertad. De igual manera \u00e9l polic\u00eda sigue siendo investigado por el MPA imputado de \u201cHomicidio en grado de tentativa agravado por ser miembro de la fuerza de seguridad\u201d. Los Hechos La balacera ocurri\u00f3 el pasado 24 de enero alrededor de las 21 en RP N\u00b046 entre los pueblos de Monterrico y Perico, en circunstancias en que \u00e9l polic\u00eda se desplazaba en su autom\u00f3vil junto a su pareja y fue emboscado por 4 hombres. Los malvivientes circulaban en dos motos y habr\u00edan realizado disparos al veh\u00edculo del efectivo mientras apuntaban a la cabeza del uniformado con intenciones de robo, en un descuido de los delincuentes el polic\u00eda extrajo su arma reglamentaria y tras identificarse como miembro de la fuerza realizo varios disparos al grupo de ladrones, impactando seis proyectiles a uno de ellos de apellido Borgas.<\/p>\n\n\n\n<p class=\"has-text-align-center\">Posteriormente \u00e9l ladr\u00f3n herido fue trasladado al hospital Pablo Soria y logro recuperarse de las heridas, tras ser dado de alta Borgas fue citado por el fiscal de la causa a prestar declaraci\u00f3n indagatoria por el hecho, pero \u00e9l mismo se abstuvo de realizarla. Borgas sigue en libertad pero aun investigado por su presunta participaci\u00f3n en la balacera, en tanto su c\u00f3mplice quedo detenido por otras causas procesales.<\/p>\n","protected":false},"excerpt":{"rendered":"<p>El sargento de la polic\u00eda de Jujuy el cual se defendi\u00f3 a tiros con su arma reglamentaria de cuatro motochorros quedo libre por orden del juez de control Jorge Zurueta. Esta medida judicial se llev\u00f3 a cabo a pesar de que desde la fiscal\u00eda del MPA se opon\u00edan a que \u00e9l efectivo recupere su libertad. [&hellip;]<\/p>\n","protected":false},"author":1,"featured_media":297798,"comment_status":"open","ping_status":"open","sticky":false,"template":"","format":"standard","meta":{"_stopmodifiedupdate":false,"_modified_date":"","inline_featured_image":false},"categories":[3],"tags":[],"jetpack_featured_media_url":"https:\/\/notinor.com\/jujuy\/wp-content\/uploads\/2021\/05\/UR6-patrulla.jpg","_links":{"self":[{"href":"https:\/\/notinor.com\/jujuy\/wp-json\/wp\/v2\/posts\/297792"}],"collection":[{"href":"https:\/\/notinor.com\/jujuy\/wp-json\/wp\/v2\/posts"}],"about":[{"href":"https:\/\/notinor.com\/jujuy\/wp-json\/wp\/v2\/types\/post"}],"author":[{"embeddable":true,"href":"https:\/\/notinor.com\/jujuy\/wp-json\/wp\/v2\/users\/1"}],"replies":[{"embeddable":true,"href":"https:\/\/notinor.com\/jujuy\/wp-json\/wp\/v2\/comments?post=297792"}],"version-history":[{"count":1,"href":"https:\/\/notinor.com\/jujuy\/wp-json\/wp\/v2\/posts\/297792\/revisions"}],"predecessor-version":[{"id":297801,"href":"https:\/\/notinor.com\/jujuy\/wp-json\/wp\/v2\/posts\/297792\/revisions\/297801"}],"wp:featuredmedia":[{"embeddable":true,"href":"https:\/\/notinor.com\/jujuy\/wp-json\/wp\/v2\/media\/297798"}],"wp:attachment":[{"href":"https:\/\/notinor.com\/jujuy\/wp-json\/wp\/v2\/media?parent=297792"}],"wp:term":[{"taxonomy":"category","embeddable":true,"href":"https:\/\/notinor.com\/jujuy\/wp-json\/wp\/v2\/categories?post=297792"},{"taxonomy":"post_tag","embeddable":true,"href":"https:\/\/notinor.com\/jujuy\/wp-json\/wp\/v2\/tags?post=297792"}],"curies":[{"name":"wp","href":"https:\/\/api.w.org\/{rel}","templated":true}]}}