{"id":296579,"date":"2021-05-04T13:39:27","date_gmt":"2021-05-04T16:39:27","guid":{"rendered":"https:\/\/notinor.com\/jujuy\/?p=296579"},"modified":"2021-05-04T13:39:33","modified_gmt":"2021-05-04T16:39:33","slug":"mostrar-tu-cuerpo-no-es-irrespetuoso-la-razon-por-la-que-billie-eilish-ha-roto-internet-posando-en-lenceria","status":"publish","type":"post","link":"https:\/\/notinor.com\/jujuy\/mostrar-tu-cuerpo-no-es-irrespetuoso-la-razon-por-la-que-billie-eilish-ha-roto-internet-posando-en-lenceria\/","title":{"rendered":"\u201cMostrar tu cuerpo no es irrespetuoso\u201d: la raz\u00f3n por la que Billie Eilish ha roto Internet posando en lencer\u00eda"},"content":{"rendered":"\n<p>Un mill\u00f3n de \u2018me gusta\u2019 en apenas seis minutos. Billie Eilish ha batido todos los r\u00e9cords de Instagram al compartir desde su cuenta su portada para la edici\u00f3n brit\u00e1nica de\u00a0<em>Vogue,\u00a0<\/em>una imagen y un posado en lencer\u00eda llamado a revolucionar la imagen de la artista y cuya entrevista, a cargo de Laura Snapes, ya se puede leer\u00a0<a href=\"https:\/\/www.vogue.co.uk\/news\/article\/billie-eilish-vogue-interview\" target=\"_blank\" rel=\"noreferrer noopener\">online<\/a>.<\/p>\n\n\n\n<div class=\"wp-block-image\"><figure class=\"aligncenter is-resized\"><img decoding=\"async\" loading=\"lazy\" src=\"https:\/\/smoda.elpais.com\/wp-content\/uploads\/2021\/05\/180673468_2851718235080310_7333665506369645116_n-620x470.jpeg\" alt=\"\" width=\"723\" height=\"548\"\/><\/figure><\/div>\n\n\n\n<p>La artista de 19 a\u00f1os rompe con su anterior imagen, esa en la que ha acostumbrado a los objetivos a captarla con ropa ancha para evitar ser sexualizada (\u00abPor eso llevo prendas holgadas. Nadie puede opinar porque no han visto qu\u00e9 hay debajo, \u00bfsabes? Nadie puede decir \u2018est\u00e1 muy delgada\u2019, \u2018no lo est\u00e1\u2019, \u2018tiene el culo plano\u2019 o \u2018lo tiene gordo\u2019. Nadie puede decir nada porque no lo saben\u201d, dijo en el pasado sobre por qu\u00e9 no llevaba ropa ajustada). Un alegato visual que se rebela ahora con tener que esconderse para ser tolerada por los dem\u00e1s en una portada que marca un ant\u00e9s y un despu\u00e9s respecto a su relaci\u00f3n con su propio cuerpo y la que muchos han tenido con su imagen.&nbsp;\u00abNo me conviertas en un modelo a seguir porque yo te excite\u00bb, dice en el texto, donde revela que su cuerpo \u00abfue la raz\u00f3n inicial de mi depresi\u00f3n cuando era m\u00e1s ni\u00f1a\u00bb, una situaci\u00f3n que empeor\u00f3 cuando dej\u00f3 de bailar a los 13 a\u00f1os debido a una lesi\u00f3n. De ah\u00ed, de odiar a su barriga, la ropa holgada. Entonces la fama convirti\u00f3 esa imagen en un punto de inflexi\u00f3n.<\/p>\n\n\n\n<p>\u00abSe trata de\u00a0recuperar ese poder,\u00a0mostrarlo\u00bb, explica la cantante en el encuentro: \u00abYa no voy a permitir que me posean\u00bb, cuenta en referencia a c\u00f3mo su imagen ha sido usada para adaptarse en una tipolog\u00eda de discurso que le exige cierta responsabilidad social para salvaguardar a las mujeres de la sexualizaci\u00f3n frente a la maliciosa mirada masculina. \u00abCuando m\u00e1s se preocupa internet y el mundo por alguien que est\u00e1 haciendo algo a lo que no est\u00e1n acostumbrados, m\u00e1s lo colocan en un pedestal tan alto que es a\u00fan peor\u00bb, advierte.<\/p>\n\n\n\n<p>\u201cTodo se trata de lo que te haga sentir bien\u201d, declara en el titular de una portada en la que posa con una est\u00e9tica de\u00a0<em>pin up<\/em>\u00a0vintage, con guantes de l\u00e1tex de\u00a0<a href=\"https:\/\/smoda.elpais.com\/moda\/asi-es-como-kim-kardashian-puso-de-moda-el-material-mas-imposible-del-mundo\/\" target=\"_blank\" rel=\"noreferrer noopener\">Atsuko Kudo,<\/a>\u00a0una falda de\u00a0Gucci\u00a0(Alessandro Michele habla sobre su relaci\u00f3n con la artista en la entrevista) y varias prendas de lencer\u00eda de\u00a0Agent Provocateur. En las ant\u00edpodas de la imagen preconcebida que podr\u00edamos tener de la artista, Eilish se rebela contra la idea de encerrarse en un canon que la haga pasar desapercibida y apuesta por poder vestir conforme a mejor\u00a0 sesienta: \u00abHabr\u00e1 gente que diga \u2018Si te gusta el body positive, \u00bfpor qu\u00e9 usar\u00edas un cors\u00e9? \u00bfPor qu\u00e9 no mostrar\u00edas tu cuerpo real?'\u00bb, le dice Snapes en la entrevista. Eilish responde: \u00abPuedo hacer lo que quiera. Se trata de lo que te hace sentir bien. Si quieres operarte, hazlo. Si quieres llevar un vestido que alguien piensa que te va grande, a la mierda, si sientes que te ves bien, te ves bien\u00bb.<\/p>\n\n\n\n<figure class=\"wp-block-image\"><img decoding=\"async\" src=\"https:\/\/www.diariopanorama.com\/fotos\/cache\/notas\/2021\/05\/04\/1010x567_billie-eilish-381453-070249.jpg\" alt=\"Billie Eilish revoluciona internet al protagonizar la portada de Vogue -  Diario Panorama Movil\"\/><\/figure>\n\n\n\n<p>Eilish cree esa celebraci\u00f3n en la cultura digital por vestir tapada y sin exhibir su cuerpo frente a otras artistas que s\u00ed lo hacen se ha malinterpretado, una lectura de la que se quiere apartar porque esconde un subtexto negativo.&nbsp;\u00abDebido a la forma en que siento que el mundo me ve, no me he sentido realmente deseada\u00bb, cuenta en el encuentro. \u00abDe repente eres una hip\u00f3crita si quieres ense\u00f1ar tu cuerpo, y eres f\u00e1cil y eres una guarra y una puta. Si lo soy por hacerlo, entonces estoy orgullosa. Yo y todas las chicas somos putas, y a la mierda, \u00bfsabes? Mostrar tu cuerpo y mostrar tu piel, o no, no es irrespetuoso\u00bb. Tambi\u00e9n tiene un mensaje para aquellos que dicen que algunas mujeres \u2018se lo buscaban\u2019 por vestir de forma provocativa cuando dicen\u00bb\u00bfEsperabas que un tipo no te sobara si est\u00e1s llevando ese vestido?\u00bb. Ella responde: \u00abEn serio, \u00bferes tan d\u00e9bil? \u00a1Vamos! \u00a1Vete a masturbarte!\u00bb.<\/p>\n\n\n\n<p>Adem\u00e1s del impactante cambio de imagen (Eilish\u00a0<a href=\"https:\/\/smoda.elpais.com\/belleza\/morena-rubia-platino-famosas-cambio-pelo-demi-moore\/\" target=\"_blank\" rel=\"noreferrer noopener\">abandon\u00f3 su melena bicolor<\/a>\u00a0hace unas semanas), la artista ganadora de dos grammys en su \u00faltima edici\u00f3n revela en la entrevista que sufri\u00f3 abusos sexuales cuando era menor de edad \u2013y especifica que no fueron perpetrados en la industria musical\u2013, un incidente que marca parte de su nuevo \u00e1lbum de estudio,\u00a0<em>Happier than ever,\u00a0<\/em>que\u00a0saldr\u00e1 a la venta el pr\u00f3ximo mes de julio y que contar\u00e1 con un sencillo para denunciar a los hombres que se enfrenta a los hombres abusadores que explotan a ni\u00f1as menores. \u00abEs una carta abierta a la gente que se aprovecha, especialmente hombres mayores\u00bb, cuenta en la entrevista. \u00abNo conozco una sola chica o mujer que no haya tenido una experiencia rara, o una muy mala. Y a hombres tambi\u00e9n, de los chicos j\u00f3venes se aprovechan continuamente\u00bb.<\/p>\n\n\n\n<figure class=\"wp-block-embed-youtube wp-block-embed is-type-video is-provider-youtube wp-embed-aspect-16-9 wp-has-aspect-ratio\"><div class=\"wp-block-embed__wrapper\">\n<div class=\"jeg_video_container jeg_video_content\"><iframe loading=\"lazy\" title=\"Billie Eilish - Your Power (Official Music Video)\" width=\"500\" height=\"281\" src=\"https:\/\/www.youtube.com\/embed\/fzeWc3zh01g?feature=oembed\" frameborder=\"0\" allow=\"accelerometer; autoplay; clipboard-write; encrypted-media; gyroscope; picture-in-picture\" allowfullscreen><\/iframe><\/div>\n<\/div><\/figure>\n\n\n\n<p>Para los que la quieran criticar por denunciar abusos ense\u00f1ando escote tambi\u00e9n tiene una respuesta preparada:&nbsp;\u00ab\u00bfTe vas a quejar de que se aprovechan de menores de edad, pero luego vas a mostrar tus pechos?\u00bb, le pregunta Snapes sobre los posibles comentarios que puede recibir su posado. Ella se r\u00ede y dice: \u00ab\u00a1Y tanto, cabronazo (<em>motherfucker<\/em>&nbsp;en el ingl\u00e9s&nbsp;<\/p>\n","protected":false},"excerpt":{"rendered":"<p>Un mill\u00f3n de \u2018me gusta\u2019 en apenas seis minutos. Billie Eilish ha batido todos los r\u00e9cords de Instagram al compartir desde su cuenta su portada para la edici\u00f3n brit\u00e1nica de\u00a0Vogue,\u00a0una imagen y un posado en lencer\u00eda llamado a revolucionar la imagen de la artista y cuya entrevista, a cargo de Laura Snapes, ya se puede [&hellip;]<\/p>\n","protected":false},"author":40,"featured_media":296580,"comment_status":"open","ping_status":"open","sticky":false,"template":"","format":"standard","meta":{"_stopmodifiedupdate":false,"_modified_date":"","inline_featured_image":false,"spay_email":"","jetpack_publicize_message":""},"categories":[21],"tags":[],"jetpack_featured_media_url":"https:\/\/notinor.com\/jujuy\/wp-content\/uploads\/2021\/05\/1010x567_billie-eilish-381453-070249.jpg","jetpack_publicize_connections":[],"_links":{"self":[{"href":"https:\/\/notinor.com\/jujuy\/wp-json\/wp\/v2\/posts\/296579"}],"collection":[{"href":"https:\/\/notinor.com\/jujuy\/wp-json\/wp\/v2\/posts"}],"about":[{"href":"https:\/\/notinor.com\/jujuy\/wp-json\/wp\/v2\/types\/post"}],"author":[{"embeddable":true,"href":"https:\/\/notinor.com\/jujuy\/wp-json\/wp\/v2\/users\/40"}],"replies":[{"embeddable":true,"href":"https:\/\/notinor.com\/jujuy\/wp-json\/wp\/v2\/comments?post=296579"}],"version-history":[{"count":1,"href":"https:\/\/notinor.com\/jujuy\/wp-json\/wp\/v2\/posts\/296579\/revisions"}],"predecessor-version":[{"id":296581,"href":"https:\/\/notinor.com\/jujuy\/wp-json\/wp\/v2\/posts\/296579\/revisions\/296581"}],"wp:featuredmedia":[{"embeddable":true,"href":"https:\/\/notinor.com\/jujuy\/wp-json\/wp\/v2\/media\/296580"}],"wp:attachment":[{"href":"https:\/\/notinor.com\/jujuy\/wp-json\/wp\/v2\/media?parent=296579"}],"wp:term":[{"taxonomy":"category","embeddable":true,"href":"https:\/\/notinor.com\/jujuy\/wp-json\/wp\/v2\/categories?post=296579"},{"taxonomy":"post_tag","embeddable":true,"href":"https:\/\/notinor.com\/jujuy\/wp-json\/wp\/v2\/tags?post=296579"}],"curies":[{"name":"wp","href":"https:\/\/api.w.org\/{rel}","templated":true}]}}