{"id":296576,"date":"2021-05-04T13:34:00","date_gmt":"2021-05-04T16:34:00","guid":{"rendered":"https:\/\/notinor.com\/jujuy\/?p=296576"},"modified":"2021-05-04T13:34:05","modified_gmt":"2021-05-04T16:34:05","slug":"denuncian-a-alberto-fernandez-por-realizar-actos-politicos-en-la-quinta-de-olivos","status":"publish","type":"post","link":"https:\/\/notinor.com\/jujuy\/denuncian-a-alberto-fernandez-por-realizar-actos-politicos-en-la-quinta-de-olivos\/","title":{"rendered":"Denuncian a Alberto Fern\u00e1ndez por realizar actos pol\u00edticos en la Quinta de Olivos"},"content":{"rendered":"\n<p>El diputado nacional de Juntos por el Cambio\u00a0<strong>Waldo Wolff<\/strong>\u00a0denunci\u00f3 al Presidente de la Naci\u00f3n, Alberto Fern\u00e1ndez, por utilizar \u201cun bien p\u00fablico\u201d para realizar un \u201cacto netamente pol\u00edtico partidario\u201d.<\/p>\n\n\n\n<figure class=\"wp-block-image\"><img decoding=\"async\" src=\"https:\/\/www.telam.com.ar\/advf\/imagenes\/2021\/04\/6069a01abb944_1004x565.jpg\" alt=\"El Presidente est\u00e1 &quot;asintom\u00e1tico, estable y con par\u00e1metros dentro de rangos  de normalidad&quot; - T\u00e9lam - Agencia Nacional de Noticias\"\/><\/figure>\n\n\n\n<p>La denuncia fue por el lanzamiento del Instituto de Formaci\u00f3n Pol\u00edtica del Partido Justicialista en la Ciudad de Buenos Aires.<\/p>\n\n\n\n<p>El legislador denunci\u00f3 la violaci\u00f3n de los art\u00edculos 2 c) y 2 f) de la Ley 25.188 de \u00c9tica de la Funci\u00f3n P\u00fablica, y pidi\u00f3 al titular de la Oficina Anticorrupci\u00f3n,<strong>\u00a0F\u00e9lix Crous<\/strong>, y al procurador de Investigaciones Administrativas de la Naci\u00f3n,\u00a0<strong>Sergio Rodr\u00edguez<\/strong>, que tomen acciones contra este accionar.<\/p>\n\n\n\n<p>\u201cNo es novedad que los dirigentes del partido gobernante crean que el Estado y sus instalaciones son de su propiedad. No pueden hacer con esos bienes lo que a ellos les parezca, en particular usarlas para actividades sectoriales y partidarias propias\u201d, dijo Wolff al respecto.<\/p>\n\n\n\n<figure class=\"wp-block-image\"><img decoding=\"async\" src=\"https:\/\/cdn.cienradios.com\/wp-content\/uploads\/sites\/3\/2021\/03\/Waldo-Wolff.jpg\" alt=\"Waldo Wolff pidi\u00f3 rever la fecha para votar el proyecto de Ganancias por ser la\u00a0Pascua Jud\u00eda\" class=\"wp-image-691498\"\/><figcaption>Waldo Wolff denunci\u00f3 a Alberto Fern\u00e1ndez por utilizar la Quinta de Olivos para actos pol\u00edticos.<\/figcaption><\/figure>\n\n\n\n<p>Y agreg\u00f3: \u201cDesde el Congreso de la Naci\u00f3n solicitaron a la Oficina Anticorrupci\u00f3n y a la Procuraci\u00f3n de Investigaciones Administrativas de la Naci\u00f3n que investigue y tome medidas al respecto al presidente de la Naci\u00f3n, Alberto Fern\u00e1ndez, y otros funcionarios, por utilizar un bien p\u00fablico como la Quinta de Olivos para realizar un acto netamente pol\u00edtico partidario\u201d.<\/p>\n\n\n\n<p>Y concluy\u00f3: \u201cEl pasado s\u00e1bado, el Presidente encabez\u00f3 el lanzamiento del Instituto de Formaci\u00f3n Pol\u00edtica del Partido Justicialista (PJ) de la Ciudad de Buenos Aires en la Quinta de Olivos, acto del que tambi\u00e9n participaron los dirigentes Mariano Recalde (presidente del PJ local), Mar\u00eda Rosa Mui\u00f1os (vice) y Juan Manuel Vald\u00e9s\u201d.<\/p>\n","protected":false},"excerpt":{"rendered":"<p>El diputado nacional de Juntos por el Cambio\u00a0Waldo Wolff\u00a0denunci\u00f3 al Presidente de la Naci\u00f3n, Alberto Fern\u00e1ndez, por utilizar \u201cun bien p\u00fablico\u201d para realizar un \u201cacto netamente pol\u00edtico partidario\u201d. La denuncia fue por el lanzamiento del Instituto de Formaci\u00f3n Pol\u00edtica del Partido Justicialista en la Ciudad de Buenos Aires. El legislador denunci\u00f3 la violaci\u00f3n de los [&hellip;]<\/p>\n","protected":false},"author":40,"featured_media":296577,"comment_status":"open","ping_status":"open","sticky":false,"template":"","format":"standard","meta":{"_stopmodifiedupdate":false,"_modified_date":"","inline_featured_image":false,"spay_email":"","jetpack_publicize_message":""},"categories":[501],"tags":[],"jetpack_featured_media_url":"https:\/\/notinor.com\/jujuy\/wp-content\/uploads\/2021\/05\/6069a01abb944_1004x565.jpg","jetpack_publicize_connections":[],"_links":{"self":[{"href":"https:\/\/notinor.com\/jujuy\/wp-json\/wp\/v2\/posts\/296576"}],"collection":[{"href":"https:\/\/notinor.com\/jujuy\/wp-json\/wp\/v2\/posts"}],"about":[{"href":"https:\/\/notinor.com\/jujuy\/wp-json\/wp\/v2\/types\/post"}],"author":[{"embeddable":true,"href":"https:\/\/notinor.com\/jujuy\/wp-json\/wp\/v2\/users\/40"}],"replies":[{"embeddable":true,"href":"https:\/\/notinor.com\/jujuy\/wp-json\/wp\/v2\/comments?post=296576"}],"version-history":[{"count":1,"href":"https:\/\/notinor.com\/jujuy\/wp-json\/wp\/v2\/posts\/296576\/revisions"}],"predecessor-version":[{"id":296578,"href":"https:\/\/notinor.com\/jujuy\/wp-json\/wp\/v2\/posts\/296576\/revisions\/296578"}],"wp:featuredmedia":[{"embeddable":true,"href":"https:\/\/notinor.com\/jujuy\/wp-json\/wp\/v2\/media\/296577"}],"wp:attachment":[{"href":"https:\/\/notinor.com\/jujuy\/wp-json\/wp\/v2\/media?parent=296576"}],"wp:term":[{"taxonomy":"category","embeddable":true,"href":"https:\/\/notinor.com\/jujuy\/wp-json\/wp\/v2\/categories?post=296576"},{"taxonomy":"post_tag","embeddable":true,"href":"https:\/\/notinor.com\/jujuy\/wp-json\/wp\/v2\/tags?post=296576"}],"curies":[{"name":"wp","href":"https:\/\/api.w.org\/{rel}","templated":true}]}}