{"id":296025,"date":"2021-04-29T13:15:00","date_gmt":"2021-04-29T16:15:00","guid":{"rendered":"https:\/\/notinor.com\/jujuy\/?p=296025"},"modified":"2021-04-29T13:15:03","modified_gmt":"2021-04-29T16:15:03","slug":"morales-entrego-equipamientos-al-hospital-pablo-soria","status":"publish","type":"post","link":"https:\/\/notinor.com\/jujuy\/morales-entrego-equipamientos-al-hospital-pablo-soria\/","title":{"rendered":"Morales entreg\u00f3 equipamientos al Hospital Pablo Soria"},"content":{"rendered":"\n<p>El gobierno de la\u00a0<a href=\"https:\/\/prensa.jujuy.gob.ar\/provincia-a4381\">Provincia<\/a>\u00a0contin\u00faa equipando e incorporando estructuras edilicias al sector sanitario, con el objetivo de brindar una mejor asistencia a la poblaci\u00f3n, siendo unos de los pilares de la gesti\u00f3n de gobierno.<\/p>\n\n\n\n<figure class=\"wp-block-image size-large\"><img decoding=\"async\" loading=\"lazy\" width=\"823\" height=\"480\" src=\"https:\/\/notinor.com\/jujuy\/wp-content\/uploads\/2021\/04\/el-gobernador-felicito-el-trabajo-del-personal-sanitario-823x480.jpg\" alt=\"\" class=\"wp-image-296026\" srcset=\"https:\/\/notinor.com\/jujuy\/wp-content\/uploads\/2021\/04\/el-gobernador-felicito-el-trabajo-del-personal-sanitario-823x480.jpg 823w, https:\/\/notinor.com\/jujuy\/wp-content\/uploads\/2021\/04\/el-gobernador-felicito-el-trabajo-del-personal-sanitario-626x365.jpg 626w, https:\/\/notinor.com\/jujuy\/wp-content\/uploads\/2021\/04\/el-gobernador-felicito-el-trabajo-del-personal-sanitario-768x448.jpg 768w, https:\/\/notinor.com\/jujuy\/wp-content\/uploads\/2021\/04\/el-gobernador-felicito-el-trabajo-del-personal-sanitario-750x437.jpg 750w, https:\/\/notinor.com\/jujuy\/wp-content\/uploads\/2021\/04\/el-gobernador-felicito-el-trabajo-del-personal-sanitario-1140x665.jpg 1140w, https:\/\/notinor.com\/jujuy\/wp-content\/uploads\/2021\/04\/el-gobernador-felicito-el-trabajo-del-personal-sanitario.jpg 1158w\" sizes=\"(max-width: 823px) 100vw, 823px\" \/><\/figure>\n\n\n\n<p>En ese contexto,&nbsp;<a href=\"https:\/\/prensa.jujuy.gob.ar\/morales-a6003\">Morales<\/a>&nbsp;reafirm\u00f3 el compromiso que tiene su gesti\u00f3n en seguir incorporando equipos de alta complejidad para el sector, como tambi\u00e9n, mejorar las estructuras edilicias para los nosocomios de la Provincia. El&nbsp;<a href=\"https:\/\/prensa.jujuy.gob.ar\/trabajo-a111\">trabajo<\/a>&nbsp;destacable que viene realizando los empleados de&nbsp;<a href=\"https:\/\/prensa.jujuy.gob.ar\/salud-a26\">salud<\/a>&nbsp;y felicit\u00f3 por su ardua labor \u201cme consta que el sistema salud no tuvo un relajamiento, trabajo todos los d\u00edas y mantuvieron la actitud firme en el marco de esta pandemia\u201d, prosigui\u00f3 el mandatario y remarc\u00f3 la&nbsp;<a href=\"https:\/\/prensa.jujuy.gob.ar\/ley-a2694\">ley<\/a>&nbsp;vigente e implementada por el gobierno que ayudar\u00e1 a todos los hospitales de la Provincia a mejorar su situaci\u00f3n, \u201cse trata de la ley de&nbsp;<a href=\"https:\/\/prensa.jujuy.gob.ar\/recupero-a11333\">recupero<\/a>&nbsp;para asistir al sector, siendo la primera vez su implementaci\u00f3n en la Provincia en favor del pueblo\u201d.<\/p>\n\n\n\n<p>\u201cInvertir en equipamiento es mejorar la capacidad prestacional. Estas inversiones es para la gente que tiene obra social, y tambi\u00e9n para los que posee, que valoran la asistencia que brindan instituciones del Estado. Ya est\u00e1 en camino la culminaci\u00f3n del materno Infantil en Alto Comedero y el quir\u00f3fano para Perico. All\u00ed debe estar el Estado presente, por ello, continuamos trabajando en mejorar el sistema de salud, como as\u00ed tambi\u00e9n, capacitar al personal\u201d, se\u00f1al\u00f3 el Gobernador.<\/p>\n\n\n\n<p>\u201cUn antes y un despu\u00e9s en la salud de Jujuy\u201d<\/p>\n\n\n\n<p>As\u00ed lo asegur\u00f3 a su turno el titular de la cartera sanitaria, Gustavo Bouhid, mientras afirm\u00f3 que \u201choy es un d\u00eda muy importante porque esta realidad se consigue con el trabajo de cada una de las \u00e1reas. Felicito a cada trabajador que pone la fuerza y la energ\u00eda para hacer crecer este&nbsp;<a href=\"https:\/\/prensa.jujuy.gob.ar\/hospital-a2480\">hospital<\/a>&nbsp;con lo mejor al&nbsp;<a href=\"https:\/\/prensa.jujuy.gob.ar\/servicio-a4344\">servicio<\/a>&nbsp;de la comunidad\u201d.<\/p>\n\n\n\n<p>\u201cEsta inversi\u00f3n millonaria se logra con el recupero el hospital, es decir, con el trabajo de ustedes mismos y con la Ley de Recupero que habla de la visi\u00f3n del se\u00f1or Gobernador. Habr\u00e1 un antes y un despu\u00e9s en la salud de Jujuy luego de la gesti\u00f3n de Gerardo Morales porque nunca se hizo una inversi\u00f3n de esta dimensi\u00f3n. El objetivo es servir mejor, dar justicia en el acceso a la salud y en esto contamos con enorme compromiso humano, por ello el mayor de los respetos a este equipo\u201d.<\/p>\n\n\n\n<p>Crecimiento<\/p>\n\n\n\n<p>El Director del Hospital Pablo Soria, C\u00e9sar Mulqui, remarc\u00f3 que \u201cesto que hoy presentamos se hizo en 4 meses, alcanzando un nivel de inversi\u00f3n que nunca antes se logr\u00f3. Agradezco a la Administraci\u00f3n, a los sistemas de Compras y Facturaci\u00f3n y a todo el personal del hospital que ya trabaja en una segunda etapa de grandes cambios para el pr\u00f3ximo cuatrimestre\u201d.<\/p>\n\n\n\n<p>Adem\u00e1s, destac\u00f3 la puesta en marcha de nuevos servicios como el Hospital de D\u00eda con 14 camas que facilita para el caso de cirug\u00edas menores, permanencia de pocas horas y r\u00e1pida resoluci\u00f3n: la Sala de Oncohematolog\u00eda con 15 camas; el Servicio de di\u00e1lisis peritoneal que posibilita atenci\u00f3n en domicilios de pacientes con falla renal; los procesos de plasmaf\u00e9resis, y tratamiento con un costo promedio de 600 mil pesos por paciente; el \u00e1rea de Cuidados Paliativos y \u201cla \u00faltima incorporaci\u00f3n el Sistema Alegr\u00eda que permite estudios del sistema inmunol\u00f3gico para enfermedades autoinmunes con acceso r\u00e1pido al resultado\u201d. Para finalizar resalt\u00f3 el trabajo en las veredas del hospital para el cual la Empresa Holcim don\u00f3 el cemento, la Municipalidad de la capital el ripio y la Direcci\u00f3n de Arquitectura cedi\u00f3 la mano de obra.<\/p>\n\n\n\n<p>Equipamiento y mejora<\/p>\n\n\n\n<p>En Centro de C\u00f3mputos se sumaron 4 computadoras port\u00e1tiles, 1 impresora multifunci\u00f3n y los dispositivos para garantizar conectividad indispensable para el procesamiento de datos e historias cl\u00ednicas digitales.<\/p>\n\n\n\n<p>En Unidad de Esterilizaci\u00f3n, 6 sillas neum\u00e1ticas.<\/p>\n\n\n\n<p>En Sala I de Cl\u00ednica M\u00e9dica se dispusieron 2 guardarropas met\u00e1licos de 12 puertas cada uno y 10 term\u00f3metros digitales.<\/p>\n\n\n\n<p>En Diagn\u00f3stico por Im\u00e1genes de Quir\u00f3fano, se cuenta ahora con la Unidad Radiol\u00f3gica M\u00f3vil que permite realizar placas y de inmediato visualizar en pantalla, optimizando los tiempos de diagn\u00f3stico mientras avanza el proceso integral de digitalizaci\u00f3n.<\/p>\n\n\n\n<p>En Servicio de Odontolog\u00eda, se incorporaron equipos de aire acondicionado.<\/p>\n\n\n\n<p>En Terapia Intensiva ya se dispone de lavachatas autom\u00e1tico.<\/p>\n\n\n\n<p>En Guardia Ginecol\u00f3gica se sum\u00f3 un extractor de DIU.<\/p>\n\n\n\n<p>En Laboratorio Central se cuenta ahora con unidad ultrafreezer para conservaci\u00f3n hasta -80 grados.<\/p>\n\n\n\n<p>En Unidad de Hemoterapia, nuevo equipo de aire acondicionado.<\/p>\n\n\n\n<p>En Sala V de Cirug\u00eda de T\u00f3rax, broncoscopio de tratamiento que la primera semana de incorporaci\u00f3n, permiti\u00f3 3 servicios.<\/p>\n\n\n\n<p>En Servicio de Anatom\u00eda Patol\u00f3gica, 1 estufa de cultivo digital doble puerta, 1 ba\u00f1o termost\u00e1tico para histolog\u00eda y 1 microscopio con posibilidad de comando digital a distancia.<\/p>\n\n\n\n<p>En Servicio de Ginecolog\u00eda, 3 ox\u00edmetros de dedo.<\/p>\n\n\n\n<p>En la Sala VII de Servicio de Ortopedia y Traumatolog\u00eda, 5 puntas de Shaver de 5,5 mm, 1 punta de radio frecuencia, instrumental vario, dep\u00f3sito y suministro, 10 dispenser Bacope Zafiro.<\/p>\n\n\n\n<p>En Servicio Transfuncional de Hemoterapia, 2 conservadoras por 26 litros, 1 conservadora por 6 litros, 1 agitador de plaquetas y 1 centrifuga refrigerada para 4 bolsas.<\/p>\n\n\n\n<p>En Sala de M\u00e1quinas se cumpli\u00f3 con mantenimiento de 1 bomba centrifuga y 1 bomba perif\u00e9rica y en Servicio de Nutrici\u00f3n de 1 picadora de carne.<\/p>\n\n\n\n<p>En tanto, en calidad de contratos de leasing, en Quir\u00f3fano se alquil\u00f3 Mesa de Anestesia completa, en Unidad de Di\u00e1lisis, 1 Maquina de Hemodi\u00e1lisis.<\/p>\n\n\n\n<p>En el marco de las tareas integrales, se repararon y se dispuso mantenimiento de la Mesa de Anestesia en Quir\u00f3fano, equipo pentax, es decir, video procesador del Servicio de Cirug\u00eda General para coloproctolog\u00eda y equipo duodenoscopio de visi\u00f3n lateral en Servicio de Gastroenterolog\u00eda.<\/p>\n\n\n\n<p>Respecto a los trabajos edilicios, se concretaron refacciones para la Sala Covid, con soluci\u00f3n de la filtraci\u00f3n de l\u00edquidos cloacales en cielorraso, as\u00ed como limpieza y desinfecci\u00f3n de dos tanques de agua potable superior y de dos cisternas en torre principal, mantenimiento de bombeo de agua potable y en bomba 2, cambio de impulsor y de v\u00e1lvula de retenci\u00f3n con agregado de bridas.<\/p>\n","protected":false},"excerpt":{"rendered":"<p>El gobierno de la\u00a0Provincia\u00a0contin\u00faa equipando e incorporando estructuras edilicias al sector sanitario, con el objetivo de brindar una mejor asistencia a la poblaci\u00f3n, siendo unos de los pilares de la gesti\u00f3n de gobierno. En ese contexto,&nbsp;Morales&nbsp;reafirm\u00f3 el compromiso que tiene su gesti\u00f3n en seguir incorporando equipos de alta complejidad para el sector, como tambi\u00e9n, mejorar [&hellip;]<\/p>\n","protected":false},"author":40,"featured_media":296026,"comment_status":"open","ping_status":"open","sticky":false,"template":"","format":"standard","meta":{"_stopmodifiedupdate":false,"_modified_date":"","inline_featured_image":false,"spay_email":"","jetpack_publicize_message":""},"categories":[2,490],"tags":[],"jetpack_featured_media_url":"https:\/\/notinor.com\/jujuy\/wp-content\/uploads\/2021\/04\/el-gobernador-felicito-el-trabajo-del-personal-sanitario.jpg","jetpack_publicize_connections":[],"_links":{"self":[{"href":"https:\/\/notinor.com\/jujuy\/wp-json\/wp\/v2\/posts\/296025"}],"collection":[{"href":"https:\/\/notinor.com\/jujuy\/wp-json\/wp\/v2\/posts"}],"about":[{"href":"https:\/\/notinor.com\/jujuy\/wp-json\/wp\/v2\/types\/post"}],"author":[{"embeddable":true,"href":"https:\/\/notinor.com\/jujuy\/wp-json\/wp\/v2\/users\/40"}],"replies":[{"embeddable":true,"href":"https:\/\/notinor.com\/jujuy\/wp-json\/wp\/v2\/comments?post=296025"}],"version-history":[{"count":1,"href":"https:\/\/notinor.com\/jujuy\/wp-json\/wp\/v2\/posts\/296025\/revisions"}],"predecessor-version":[{"id":296027,"href":"https:\/\/notinor.com\/jujuy\/wp-json\/wp\/v2\/posts\/296025\/revisions\/296027"}],"wp:featuredmedia":[{"embeddable":true,"href":"https:\/\/notinor.com\/jujuy\/wp-json\/wp\/v2\/media\/296026"}],"wp:attachment":[{"href":"https:\/\/notinor.com\/jujuy\/wp-json\/wp\/v2\/media?parent=296025"}],"wp:term":[{"taxonomy":"category","embeddable":true,"href":"https:\/\/notinor.com\/jujuy\/wp-json\/wp\/v2\/categories?post=296025"},{"taxonomy":"post_tag","embeddable":true,"href":"https:\/\/notinor.com\/jujuy\/wp-json\/wp\/v2\/tags?post=296025"}],"curies":[{"name":"wp","href":"https:\/\/api.w.org\/{rel}","templated":true}]}}