{"id":295421,"date":"2021-04-23T12:33:28","date_gmt":"2021-04-23T15:33:28","guid":{"rendered":"https:\/\/notinor.com\/jujuy\/?p=295421"},"modified":"2021-04-23T12:33:33","modified_gmt":"2021-04-23T15:33:33","slug":"este-sabado-venderan-carne-de-llama-y-cordero-en-el-paseo-de-las-plantas","status":"publish","type":"post","link":"https:\/\/notinor.com\/jujuy\/este-sabado-venderan-carne-de-llama-y-cordero-en-el-paseo-de-las-plantas\/","title":{"rendered":"Este s\u00e1bado vender\u00e1n carne de llama y cordero en el Paseo de las Plantas"},"content":{"rendered":"\n<p>Este s\u00e1bado en el Paseo de las Plantas, la\u00a0Corporaci\u00f3n para el Desarrollo de la Cuenca de Pozuelos (Codepo) continuar\u00e1 con la\u00a0<strong>presentaci\u00f3n y venta de \u00abLos c\u00e1rnicos envasados al vac\u00edo\u00bb de carne de llama y cordero para el p\u00fablico que desea adquirir alguno de estos productos<\/strong>.<\/p>\n\n\n\n<div class=\"wp-block-image\"><figure class=\"aligncenter size-large is-resized\"><img decoding=\"async\" loading=\"lazy\" src=\"https:\/\/notinor.com\/jujuy\/wp-content\/uploads\/2021\/04\/Dise\u00f1o-sin-t\u00edtulo-64-840x473.png\" alt=\"\" class=\"wp-image-295422\" width=\"1029\" height=\"580\" srcset=\"https:\/\/notinor.com\/jujuy\/wp-content\/uploads\/2021\/04\/Dise\u00f1o-sin-t\u00edtulo-64-840x473.png 840w, https:\/\/notinor.com\/jujuy\/wp-content\/uploads\/2021\/04\/Dise\u00f1o-sin-t\u00edtulo-64-649x365.png 649w, https:\/\/notinor.com\/jujuy\/wp-content\/uploads\/2021\/04\/Dise\u00f1o-sin-t\u00edtulo-64-768x432.png 768w, https:\/\/notinor.com\/jujuy\/wp-content\/uploads\/2021\/04\/Dise\u00f1o-sin-t\u00edtulo-64-750x422.png 750w, https:\/\/notinor.com\/jujuy\/wp-content\/uploads\/2021\/04\/Dise\u00f1o-sin-t\u00edtulo-64-1140x641.png 1140w, https:\/\/notinor.com\/jujuy\/wp-content\/uploads\/2021\/04\/Dise\u00f1o-sin-t\u00edtulo-64.png 1280w\" sizes=\"(max-width: 1029px) 100vw, 1029px\" \/><\/figure><\/div>\n\n\n\n<p>Gast\u00f3n Rodr\u00edguez, miembro del equipo t\u00e9cnico de la Codepo, dijo que la carne de llama ser\u00e1 presentada en&nbsp;sus distintos cortes adem\u00e1s de sus derivados como&nbsp;<strong>\u00abchorizo, mortadela, arrollado, hamburguesa\u00bb<\/strong>. El cordero de la puna tambi\u00e9n estar\u00e1 envasado al vac\u00edo \u00abpara que la gente pueda llev\u00e1rselo a su casa\u00bb.<\/p>\n\n\n\n<p>\u00abLa carne de llama es nutritiva para el organismo, tiene cero colesterol y es totalmente saludable\u00bb coment\u00f3 Rodr\u00edguez sobre la carne que vender\u00e1n en la feria.<\/p>\n\n\n\n<p><strong>La venta de las carnes ser\u00e1 de 9 a 14 horas, en la avenida 19 de Abril entre Otero Y Canonigo Gorriti.<\/strong><\/p>\n","protected":false},"excerpt":{"rendered":"<p>Este s\u00e1bado en el Paseo de las Plantas, la\u00a0Corporaci\u00f3n para el Desarrollo de la Cuenca de Pozuelos (Codepo) continuar\u00e1 con la\u00a0presentaci\u00f3n y venta de \u00abLos c\u00e1rnicos envasados al vac\u00edo\u00bb de carne de llama y cordero para el p\u00fablico que desea adquirir alguno de estos productos. Gast\u00f3n Rodr\u00edguez, miembro del equipo t\u00e9cnico de la Codepo, dijo [&hellip;]<\/p>\n","protected":false},"author":40,"featured_media":295422,"comment_status":"open","ping_status":"open","sticky":false,"template":"","format":"standard","meta":{"_stopmodifiedupdate":false,"_modified_date":"","inline_featured_image":false,"spay_email":"","jetpack_publicize_message":""},"categories":[2],"tags":[],"jetpack_featured_media_url":"https:\/\/notinor.com\/jujuy\/wp-content\/uploads\/2021\/04\/Dise\u00f1o-sin-t\u00edtulo-64.png","jetpack_publicize_connections":[],"_links":{"self":[{"href":"https:\/\/notinor.com\/jujuy\/wp-json\/wp\/v2\/posts\/295421"}],"collection":[{"href":"https:\/\/notinor.com\/jujuy\/wp-json\/wp\/v2\/posts"}],"about":[{"href":"https:\/\/notinor.com\/jujuy\/wp-json\/wp\/v2\/types\/post"}],"author":[{"embeddable":true,"href":"https:\/\/notinor.com\/jujuy\/wp-json\/wp\/v2\/users\/40"}],"replies":[{"embeddable":true,"href":"https:\/\/notinor.com\/jujuy\/wp-json\/wp\/v2\/comments?post=295421"}],"version-history":[{"count":1,"href":"https:\/\/notinor.com\/jujuy\/wp-json\/wp\/v2\/posts\/295421\/revisions"}],"predecessor-version":[{"id":295424,"href":"https:\/\/notinor.com\/jujuy\/wp-json\/wp\/v2\/posts\/295421\/revisions\/295424"}],"wp:featuredmedia":[{"embeddable":true,"href":"https:\/\/notinor.com\/jujuy\/wp-json\/wp\/v2\/media\/295422"}],"wp:attachment":[{"href":"https:\/\/notinor.com\/jujuy\/wp-json\/wp\/v2\/media?parent=295421"}],"wp:term":[{"taxonomy":"category","embeddable":true,"href":"https:\/\/notinor.com\/jujuy\/wp-json\/wp\/v2\/categories?post=295421"},{"taxonomy":"post_tag","embeddable":true,"href":"https:\/\/notinor.com\/jujuy\/wp-json\/wp\/v2\/tags?post=295421"}],"curies":[{"name":"wp","href":"https:\/\/api.w.org\/{rel}","templated":true}]}}