{"id":29222,"date":"2015-05-29T00:00:27","date_gmt":"2015-05-29T03:00:27","guid":{"rendered":"http:\/\/notinor.com\/jujuy\/?p=29222"},"modified":"2015-05-29T03:18:48","modified_gmt":"2015-05-29T06:18:48","slug":"debemos-trabajar-para-que-los-beneficios-de-la-produccion-se-repartan-de-forma-equitativa","status":"publish","type":"post","link":"https:\/\/notinor.com\/jujuy\/debemos-trabajar-para-que-los-beneficios-de-la-produccion-se-repartan-de-forma-equitativa\/","title":{"rendered":"\u201cDebemos trabajar para que los beneficios de la producci\u00f3n se repartan de forma equitativa\u201d"},"content":{"rendered":"<p>Con la presencia del Vicegobernador Sergio Casas de La Rioja; de Santiago del Estero Emilio Neder; del antifitri\u00f2n Dalmacio Mera; del vicegobernador interino de Tucum\u00e1n Regino Amado y\u00a0 con la presidencia de Guillermo Jenefes el encuentro se realiz\u00f3 en el anexo del Poder Legislativo de Catamarca.<\/p>\n<p>&nbsp;<\/p>\n<p>\u201cEs importante remarcar de forma permanente el compromiso de los vicegobernadores y sus legisladores, quienes a pesar de los compromisos electorales participan de forma constante\u201d sostuvo Jenefes al momento de abrir las deliberaciones al tiempo que record\u00f3 que es el \u201cprimer y \u00fanico bloque regional de la Republica Argentina por lo que tenemos un doble compromiso, el de legislar para nuestro progreso y con esto ofrecer un ejemplo y un apoyo a las dem\u00e1s provincias\u201d.<\/p>\n<p>&nbsp;<\/p>\n<p>Mas adelante sostuvo que bloque debe trabajar \u201cpara que los beneficios que ofrece de la producci\u00f3n de la zona sean repartidos de forma equitativa\u201d. Dijo adem\u00e1s que si bien existen grandes desaf\u00edos tambi\u00e9n existe la firme voluntad de llevarlos adelante entre todos \u201cbuscando y encontrando nuevas oportunidades para todos\u201d.<\/p>\n<p>&nbsp;<\/p>\n<p>En primera instancia firmaron un documento en el que plantearon como ejes centrales del cuerpo deliberativo el fortalecimiento de las relaciones entre las provincias del NOA de cara a la renovaci\u00f3n institucional a nivel nacional al mismo tiempo que manifestaron su fe en la concreci\u00f3n de los proyectos alrededor de la reactivaci\u00f3n del Belgrano Cargas como importante sost\u00e9n de las econom\u00edas regionales y el apoyo incondicional al Mercado Com\u00fan del NOA entre otros.<\/p>\n<p>&nbsp;<\/p>\n<p>En el mismo documento qued\u00f2 sellado el compromiso de una pr\u00f3xima reuni\u00f3n los d\u00edas 16 y 17 \u00a0de Julio en la provincia de Santiago del Estero. Las deliberaciones cerraran con el debate de los proyectos presentados por las comisiones.<\/p>\n","protected":false},"excerpt":{"rendered":"<p>Con la presencia del Vicegobernador Sergio Casas de La Rioja; de Santiago del Estero Emilio Neder; del antifitri\u00f2n Dalmacio Mera; del vicegobernador interino de Tucum\u00e1n Regino Amado y\u00a0 con la presidencia de Guillermo Jenefes el encuentro se realiz\u00f3 en el anexo del Poder Legislativo de Catamarca. &nbsp; \u201cEs importante remarcar de forma permanente el compromiso [&hellip;]<\/p>\n","protected":false},"author":1,"featured_media":29223,"comment_status":"open","ping_status":"open","sticky":false,"template":"","format":"standard","meta":{"_stopmodifiedupdate":false,"_modified_date":"","inline_featured_image":false},"categories":[485],"tags":[],"jetpack_featured_media_url":"https:\/\/notinor.com\/jujuy\/wp-content\/uploads\/2015\/05\/temporal.jpg","_links":{"self":[{"href":"https:\/\/notinor.com\/jujuy\/wp-json\/wp\/v2\/posts\/29222"}],"collection":[{"href":"https:\/\/notinor.com\/jujuy\/wp-json\/wp\/v2\/posts"}],"about":[{"href":"https:\/\/notinor.com\/jujuy\/wp-json\/wp\/v2\/types\/post"}],"author":[{"embeddable":true,"href":"https:\/\/notinor.com\/jujuy\/wp-json\/wp\/v2\/users\/1"}],"replies":[{"embeddable":true,"href":"https:\/\/notinor.com\/jujuy\/wp-json\/wp\/v2\/comments?post=29222"}],"version-history":[{"count":1,"href":"https:\/\/notinor.com\/jujuy\/wp-json\/wp\/v2\/posts\/29222\/revisions"}],"predecessor-version":[{"id":29225,"href":"https:\/\/notinor.com\/jujuy\/wp-json\/wp\/v2\/posts\/29222\/revisions\/29225"}],"wp:featuredmedia":[{"embeddable":true,"href":"https:\/\/notinor.com\/jujuy\/wp-json\/wp\/v2\/media\/29223"}],"wp:attachment":[{"href":"https:\/\/notinor.com\/jujuy\/wp-json\/wp\/v2\/media?parent=29222"}],"wp:term":[{"taxonomy":"category","embeddable":true,"href":"https:\/\/notinor.com\/jujuy\/wp-json\/wp\/v2\/categories?post=29222"},{"taxonomy":"post_tag","embeddable":true,"href":"https:\/\/notinor.com\/jujuy\/wp-json\/wp\/v2\/tags?post=29222"}],"curies":[{"name":"wp","href":"https:\/\/api.w.org\/{rel}","templated":true}]}}