{"id":29194,"date":"2015-05-29T00:00:34","date_gmt":"2015-05-29T03:00:34","guid":{"rendered":"http:\/\/notinor.com\/jujuy\/?p=29194"},"modified":"2015-05-28T23:17:18","modified_gmt":"2015-05-29T02:17:18","slug":"el-pj-analiza-expulsar-del-partido-a-reutemann-por-deslealtad","status":"publish","type":"post","link":"https:\/\/notinor.com\/jujuy\/el-pj-analiza-expulsar-del-partido-a-reutemann-por-deslealtad\/","title":{"rendered":"El PJ analiza expulsar del partido a Reutemann por \"deslealtad\""},"content":{"rendered":"<p>En una nota presentada ante el Tribunal de Disciplina, el diputado provincial y secretario general del PJ de la Departamental Rosario, Eduardo Toniolli, solicit\u00f3 la expulsi\u00f3n del Partido Justicialista del senador nacional Carlos Reutemann por \"deslealtad y conducta antipartidaria\".<\/p>\n<p>El legislador del Movimiento Evita argument\u00f3: \"Las \u00faltimas apariciones p\u00fablicas del ex gobernador con dirigentes del PRO van en contra de los valores b\u00e1sicos del justicialismo y resulta inaceptable, sobre todo, de parte de una persona que toda la vida ocup\u00f3 cargos p\u00fablicos gracias al peronismo\".<\/p>\n<p>Tambi\u00e9n, el candidato a concejal por el Frente Justicialista para la Victoria pidi\u00f3 que \"se sustancie un proceso de investigaci\u00f3n por los actos de deslealtad e inconducta partidaria en los que ha incurrido Reutemann, tal como lo prev\u00e9 el art\u00edculo 32\u00ba de la Carta Org\u00e1nica Provincial\".<\/p>\n<p>A su vez, otros de los argumentos esgrimidos por el legislador se\u00f1alan: \"Las recientes declaraciones p\u00fablicas y procederes del citado, apoyando las candidaturas de Miguel Torres del Sel y de Mauricio Macri, a gobernador de Santa Fe y a Presidente de la Naci\u00f3n, respectivamente, por el Partido Propuesta Republicana (PRO), tienen una abierta contradicci\u00f3n con lo resuelto por los \u00f3rganos de conducci\u00f3n del Partido Justicialista\".<\/p>\n<p>Por \u00faltimo, Toniolli manifest\u00f3: \"Frente a previsibles, y entendibles, cuestionamientos de compa\u00f1eros que van a se\u00f1alar que hay otros dirigentes pol\u00edticos, que han optado por seguir el mismo camino que Reutemann, diremos que cualquier afiliado tiene el derecho y la obligaci\u00f3n de se\u00f1alar esas inconductas ante las autoridades competentes\".<\/p>\n<p><strong>La defensa del PRO<\/strong><\/p>\n<p>El titular del bloque de diputados nacionales del PRO, Federico Pinedo, defendi\u00f3 a Carlos Reutemann tras el pedido de expulsi\u00f3n del Partido Justicialista: \u201cAc\u00e1 hay un se\u00f1or que quiere hacerse conocido. Yo creo que lo que hizo Reutemann por el justicialismo es mucho m\u00e1s que lo que hizo el se\u00f1or que lo est\u00e1 denunciando\u201d.<br \/>\nEn di\u00e1logo con La Once Diez\/Radio de la Ciudad afirm\u00f3 que \u201clos pergaminos de Reutemann como gobernante hablan por s\u00ed mismos\u201d y destac\u00f3 que el senador nacional, que actualmente trabaja en las filas del PRO, \u201ces una persona de bien\u201d. Adem\u00e1s, sostuvo que \u201cesas cosas califican a quien las dice\u201d y asever\u00f3 que \u201cme parecen cosas tristes pero no dram\u00e1ticas\u201d<br \/>\n\u201cSi un se\u00f1or quiere hacer cosas malas que las haga. No afecta mucho a la humanidad lo que diga ese se\u00f1or sobre Reutemann\u201d, opin\u00f3.<\/p>\n","protected":false},"excerpt":{"rendered":"<p>En una nota presentada ante el Tribunal de Disciplina, el diputado provincial y secretario general del PJ de la Departamental Rosario, Eduardo Toniolli, solicit\u00f3 la expulsi\u00f3n del Partido Justicialista del senador nacional Carlos Reutemann por \"deslealtad y conducta antipartidaria\". El legislador del Movimiento Evita argument\u00f3: \"Las \u00faltimas apariciones p\u00fablicas del ex gobernador con dirigentes del [&hellip;]<\/p>\n","protected":false},"author":1,"featured_media":29195,"comment_status":"open","ping_status":"open","sticky":false,"template":"","format":"standard","meta":{"_stopmodifiedupdate":false,"_modified_date":"","inline_featured_image":false},"categories":[5],"tags":[],"jetpack_featured_media_url":"https:\/\/notinor.com\/jujuy\/wp-content\/uploads\/2015\/05\/reutemann-macri.jpg","_links":{"self":[{"href":"https:\/\/notinor.com\/jujuy\/wp-json\/wp\/v2\/posts\/29194"}],"collection":[{"href":"https:\/\/notinor.com\/jujuy\/wp-json\/wp\/v2\/posts"}],"about":[{"href":"https:\/\/notinor.com\/jujuy\/wp-json\/wp\/v2\/types\/post"}],"author":[{"embeddable":true,"href":"https:\/\/notinor.com\/jujuy\/wp-json\/wp\/v2\/users\/1"}],"replies":[{"embeddable":true,"href":"https:\/\/notinor.com\/jujuy\/wp-json\/wp\/v2\/comments?post=29194"}],"version-history":[{"count":1,"href":"https:\/\/notinor.com\/jujuy\/wp-json\/wp\/v2\/posts\/29194\/revisions"}],"predecessor-version":[{"id":29196,"href":"https:\/\/notinor.com\/jujuy\/wp-json\/wp\/v2\/posts\/29194\/revisions\/29196"}],"wp:featuredmedia":[{"embeddable":true,"href":"https:\/\/notinor.com\/jujuy\/wp-json\/wp\/v2\/media\/29195"}],"wp:attachment":[{"href":"https:\/\/notinor.com\/jujuy\/wp-json\/wp\/v2\/media?parent=29194"}],"wp:term":[{"taxonomy":"category","embeddable":true,"href":"https:\/\/notinor.com\/jujuy\/wp-json\/wp\/v2\/categories?post=29194"},{"taxonomy":"post_tag","embeddable":true,"href":"https:\/\/notinor.com\/jujuy\/wp-json\/wp\/v2\/tags?post=29194"}],"curies":[{"name":"wp","href":"https:\/\/api.w.org\/{rel}","templated":true}]}}