{"id":29160,"date":"2015-05-29T00:00:43","date_gmt":"2015-05-29T03:00:43","guid":{"rendered":"http:\/\/notinor.com\/jujuy\/?p=29160"},"modified":"2015-05-28T22:45:11","modified_gmt":"2015-05-29T01:45:11","slug":"se-busca-el-debate-politico-como-herramienta-de-capana-electoral","status":"publish","type":"post","link":"https:\/\/notinor.com\/jujuy\/se-busca-el-debate-politico-como-herramienta-de-capana-electoral\/","title":{"rendered":"SE BUSCA EL DEBATE POLITICO COMO HERRAMIENTA DE CAPA\u00d1A ELECTORAL"},"content":{"rendered":"<p>El Foro de Participaci\u00f3n Ciudadana propicia la realizaci\u00f3n de un debate pol\u00edtico, entre referentes y precandidatos de las distintas l\u00edneas pol\u00edticas, sobre educaci\u00f3n, seguridad, salud, transporte p\u00fablico de pasajeros, alumbrado p\u00fablico e higiene urbana entre otros temas. \"Es el momento de que los electores puedan conocer qu\u00e9 plantea y cu\u00e1les son las propuestas de cada uno de los diversos sectores pol\u00edticos que act\u00faan en nuestra provincia. Queremos saber c\u00f3mo ciudadanos que va ser de la Provincia y la Capital a partir del 10 de Diciembre\" aseguro el Coordinador de la Instituci\u00f3n, Dr. Omar Cabrera.<\/p>\n<p>Seguidamente el letrado dijo \"esta iniciativa busca promover la cultura del dialogo; es una pr\u00e1ctica democr\u00e1tica y de informaci\u00f3n p\u00fablica, es una herramienta que deber\u00e1 formar parte de la campa\u00f1a electoral porque es un bien de todos, donde cualquier espectador se puede beneficiar y sacar sus propias conclusiones\".<\/p>\n<p>\"Es momento de cambiar ciertos paradigmas de nuestra pr\u00e1ctica pol\u00edtica, y pasar de la chicana y las disputas de los gritos, a una discusi\u00f3n argumentada sobre pol\u00edtica p\u00fablica que eleve el nivel de tratamiento de los grandes temas p\u00fablicos. Existe una demanda de pol\u00edtica sustantiva, de que se le diga a la gente que es lo que se va hacer una vez que se arribe a los \u00e1mbitos gubernamentales\" aseguro Omar Cabrera.<\/p>\n<p>En definitiva, la propuesta de debate pol\u00edtico que lanz\u00f3 el Foro fue aceptada favorablemente por las distintas l\u00edneas pol\u00edticas que aseguraron su participaci\u00f3n, y tiene fecha tentativa de realizaci\u00f3n para la segunda semana de Junio. A\u00fan resta definir el escenario donde se desarrollara el evento, ya que se busca confirmar un lugar que asegure tanto el desarrollo institucional del debate como la participaci\u00f3n de los ciudadanos.<\/p>\n","protected":false},"excerpt":{"rendered":"<p>El Foro de Participaci\u00f3n Ciudadana propicia la realizaci\u00f3n de un debate pol\u00edtico, entre referentes y precandidatos de las distintas l\u00edneas pol\u00edticas, sobre educaci\u00f3n, seguridad, salud, transporte p\u00fablico de pasajeros, alumbrado p\u00fablico e higiene urbana entre otros temas. \"Es el momento de que los electores puedan conocer qu\u00e9 plantea y cu\u00e1les son las propuestas de cada [&hellip;]<\/p>\n","protected":false},"author":1,"featured_media":29161,"comment_status":"open","ping_status":"open","sticky":false,"template":"","format":"standard","meta":{"_stopmodifiedupdate":false,"_modified_date":"","inline_featured_image":false},"categories":[2],"tags":[],"jetpack_featured_media_url":"https:\/\/notinor.com\/jujuy\/wp-content\/uploads\/2015\/05\/morales-fellner.jpg","_links":{"self":[{"href":"https:\/\/notinor.com\/jujuy\/wp-json\/wp\/v2\/posts\/29160"}],"collection":[{"href":"https:\/\/notinor.com\/jujuy\/wp-json\/wp\/v2\/posts"}],"about":[{"href":"https:\/\/notinor.com\/jujuy\/wp-json\/wp\/v2\/types\/post"}],"author":[{"embeddable":true,"href":"https:\/\/notinor.com\/jujuy\/wp-json\/wp\/v2\/users\/1"}],"replies":[{"embeddable":true,"href":"https:\/\/notinor.com\/jujuy\/wp-json\/wp\/v2\/comments?post=29160"}],"version-history":[{"count":1,"href":"https:\/\/notinor.com\/jujuy\/wp-json\/wp\/v2\/posts\/29160\/revisions"}],"predecessor-version":[{"id":29162,"href":"https:\/\/notinor.com\/jujuy\/wp-json\/wp\/v2\/posts\/29160\/revisions\/29162"}],"wp:featuredmedia":[{"embeddable":true,"href":"https:\/\/notinor.com\/jujuy\/wp-json\/wp\/v2\/media\/29161"}],"wp:attachment":[{"href":"https:\/\/notinor.com\/jujuy\/wp-json\/wp\/v2\/media?parent=29160"}],"wp:term":[{"taxonomy":"category","embeddable":true,"href":"https:\/\/notinor.com\/jujuy\/wp-json\/wp\/v2\/categories?post=29160"},{"taxonomy":"post_tag","embeddable":true,"href":"https:\/\/notinor.com\/jujuy\/wp-json\/wp\/v2\/tags?post=29160"}],"curies":[{"name":"wp","href":"https:\/\/api.w.org\/{rel}","templated":true}]}}